{"id":81980,"date":"2018-05-05T14:51:33","date_gmt":"2018-05-05T11:51:33","guid":{"rendered":"https:\/\/www.sana.sy\/es\/?p=81980"},"modified":"2018-05-05T14:51:33","modified_gmt":"2018-05-05T11:51:33","slug":"literatos-sirios-y-palestinos-participan-en-el-festival-de-juntos-hasta-la-victoria","status":"publish","type":"post","link":"https:\/\/archive.sana.sy\/es\/?p=81980","title":{"rendered":"Literatos sirios y palestinos participan en el festival de \u201cJuntos Hasta la Victoria\u201d"},"content":{"rendered":"<p>&nbsp;<\/p>\n<p><span style=\"color: #800000;\">Damasco-SANA<\/span><\/p>\n<p>Literatos sirios y palestinos participaron con sus obras en el festival literario \u201cJuntos Hasta la Victoria\u201d que inici\u00f3 sus actividades en el campamento de Jaramana en Damasco.<\/p>\n<p>El jefe de la Uni\u00f3n de Escritores \u00c1rabes, Nidhal al Saleh, afirm\u00f3 que escritores y poetas palestinos contribuyeron de forma eficaz a la cultura de la resistencia en Siria, y consideraron que la lucha de los sirios contra el terrorismo es una parte principal de su causa.<\/p>\n<p>El vicepresidente del Movimiento de Palestina Libre, Abdul Qader Heifawi, dijo que el festival \u201cJuntos Hasta la Victoria\u201d es un ejemplo de la compenetraci\u00f3n de la lucha de los dos pueblos, el sirio y el palestino, y de la fe de sus escritores en la importancia de la cultura en arraigar la resistencia en la conciencia.<\/p>\n<p><span style=\"color: #0000ff;\">Akram. S<\/span><\/p>\n","protected":false},"excerpt":{"rendered":"<p>&nbsp; Damasco-SANA Literatos sirios y palestinos participaron con sus obras en el festival literario \u201cJuntos Hasta la Victoria\u201d que inici\u00f3 sus actividades en el campamento de Jaramana en Damasco. El jefe de la Uni\u00f3n de Escritores \u00c1rabes, Nidhal al Saleh, afirm\u00f3 que escritores y poetas palestinos contribuyeron de forma eficaz a la cultura de la &hellip;<\/p>\n","protected":false},"author":1,"featured_media":81981,"comment_status":"closed","ping_status":"closed","sticky":false,"template":"","format":"standard","meta":{"footnotes":""},"categories":[597,510,476,7541],"tags":[],"class_list":["post-81980","post","type-post","status-publish","format-standard","has-post-thumbnail","","category-cinta-de-noticias","category-arte-y-cultura","category-locales","category-ultimas-noticias"],"_links":{"self":[{"href":"https:\/\/archive.sana.sy\/es\/index.php?rest_route=\/wp\/v2\/posts\/81980"}],"collection":[{"href":"https:\/\/archive.sana.sy\/es\/index.php?rest_route=\/wp\/v2\/posts"}],"about":[{"href":"https:\/\/archive.sana.sy\/es\/index.php?rest_route=\/wp\/v2\/types\/post"}],"author":[{"embeddable":true,"href":"https:\/\/archive.sana.sy\/es\/index.php?rest_route=\/wp\/v2\/users\/1"}],"replies":[{"embeddable":true,"href":"https:\/\/archive.sana.sy\/es\/index.php?rest_route=%2Fwp%2Fv2%2Fcomments&post=81980"}],"version-history":[{"count":0,"href":"https:\/\/archive.sana.sy\/es\/index.php?rest_route=\/wp\/v2\/posts\/81980\/revisions"}],"wp:featuredmedia":[{"embeddable":true,"href":"https:\/\/archive.sana.sy\/es\/index.php?rest_route=\/wp\/v2\/media\/81981"}],"wp:attachment":[{"href":"https:\/\/archive.sana.sy\/es\/index.php?rest_route=%2Fwp%2Fv2%2Fmedia&parent=81980"}],"wp:term":[{"taxonomy":"category","embeddable":true,"href":"https:\/\/archive.sana.sy\/es\/index.php?rest_route=%2Fwp%2Fv2%2Fcategories&post=81980"},{"taxonomy":"post_tag","embeddable":true,"href":"https:\/\/archive.sana.sy\/es\/index.php?rest_route=%2Fwp%2Fv2%2Ftags&post=81980"}],"curies":[{"name":"wp","href":"https:\/\/api.w.org\/{rel}","templated":true}]}}