{"id":82111,"date":"2018-05-08T17:21:53","date_gmt":"2018-05-08T14:21:53","guid":{"rendered":"https:\/\/www.sana.sy\/es\/?p=82111"},"modified":"2023-01-10T15:16:35","modified_gmt":"2023-01-10T13:16:35","slug":"siria-y-jordania-abordan-reactivar-lazos-economicos","status":"publish","type":"post","link":"https:\/\/archive.sana.sy\/es\/?p=82111","title":{"rendered":"Siria y Jordania abordan reactivar lazos econ\u00f3micos"},"content":{"rendered":"<p><span style=\"color: #800000\">Damasco SANA<\/span>&#8211; Presidente de la Federaci\u00f3n de exportadores Mohammed al-Sawah, abord\u00f3 con una delegaci\u00f3n jordana, compuesta por varias figuras comerciantes e industriales encabezadas por Adnan Abu Ragheb, Presidente de la C\u00e1mara de Industria de Jordania, las relaciones comerciales Siria y Jordania.<\/p>\n<p>Los participantes examinaron durante la reuni\u00f3n, que se celebr\u00f3 en el edificio de la Uni\u00f3n de Exportadores, la activaci\u00f3n de los memorandos de entendimiento firmados entre las dos partes y la apertura de cruces fronterizos, as\u00ed como los miembros de la delegaci\u00f3n jordana destacaron la necesidad de devolver a las relaciones comerciales entre los dos pa\u00edses a su normalidad y devolver el tr\u00e1nsito de mercanc\u00edas jordanas a trav\u00e9s del territorio de Siria y luego al L\u00edbano y desde all\u00ed a Europa, se\u00f1alando que el cierre de los pasos fronterizos caus\u00f3 una disminuci\u00f3n en el valor de las exportaciones jordanas debido a los altos costos del transporte.<\/p>\n<p>Jefe de la delegaci\u00f3n jordano subray\u00f3 que la guerra contra Siria afect\u00f3 negativamente a la econom\u00eda jordana porque Siria es la puerta de Jordania a Europa, tambi\u00e9n las exportaciones sirias, a su vez, para satisfacen a las necesidades del mercado jordano de algunos productos b\u00e1sicos.<\/p>\n<p>Por su parte, al-Sawah se\u00f1al\u00f3 que Siria comenz\u00f3 a recuperarse y hay planes de inversi\u00f3n en todas las \u00e1reas, a\u00f1adiendo que la Federaci\u00f3n busca activar sus relaciones con Jordania para activar el intercambio comercial entre los dos pa\u00edses y la eliminaci\u00f3n de las limitaciones econ\u00f3micas.<\/p>\n<p>M\/Miri<\/p>\n","protected":false},"excerpt":{"rendered":"<p>Damasco SANA&#8211; Presidente de la Federaci\u00f3n de exportadores Mohammed al-Sawah, abord\u00f3 con una delegaci\u00f3n jordana, compuesta por varias figuras comerciantes e industriales encabezadas por Adnan Abu Ragheb, Presidente de la C\u00e1mara de Industria de Jordania, las relaciones comerciales Siria y Jordania. Los participantes examinaron durante la reuni\u00f3n, que se celebr\u00f3 en el edificio de la &hellip;<\/p>\n","protected":false},"author":1,"featured_media":82112,"comment_status":"closed","ping_status":"closed","sticky":false,"template":"","format":"standard","meta":{"footnotes":""},"categories":[597,485,7541],"tags":[11955],"class_list":["post-82111","post","type-post","status-publish","format-standard","has-post-thumbnail","","category-cinta-de-noticias","category-informes-negocios-y-finanzas","category-ultimas-noticias","tag-siria-jordania"],"_links":{"self":[{"href":"https:\/\/archive.sana.sy\/es\/index.php?rest_route=\/wp\/v2\/posts\/82111"}],"collection":[{"href":"https:\/\/archive.sana.sy\/es\/index.php?rest_route=\/wp\/v2\/posts"}],"about":[{"href":"https:\/\/archive.sana.sy\/es\/index.php?rest_route=\/wp\/v2\/types\/post"}],"author":[{"embeddable":true,"href":"https:\/\/archive.sana.sy\/es\/index.php?rest_route=\/wp\/v2\/users\/1"}],"replies":[{"embeddable":true,"href":"https:\/\/archive.sana.sy\/es\/index.php?rest_route=%2Fwp%2Fv2%2Fcomments&post=82111"}],"version-history":[{"count":0,"href":"https:\/\/archive.sana.sy\/es\/index.php?rest_route=\/wp\/v2\/posts\/82111\/revisions"}],"wp:featuredmedia":[{"embeddable":true,"href":"https:\/\/archive.sana.sy\/es\/index.php?rest_route=\/wp\/v2\/media\/82112"}],"wp:attachment":[{"href":"https:\/\/archive.sana.sy\/es\/index.php?rest_route=%2Fwp%2Fv2%2Fmedia&parent=82111"}],"wp:term":[{"taxonomy":"category","embeddable":true,"href":"https:\/\/archive.sana.sy\/es\/index.php?rest_route=%2Fwp%2Fv2%2Fcategories&post=82111"},{"taxonomy":"post_tag","embeddable":true,"href":"https:\/\/archive.sana.sy\/es\/index.php?rest_route=%2Fwp%2Fv2%2Ftags&post=82111"}],"curies":[{"name":"wp","href":"https:\/\/api.w.org\/{rel}","templated":true}]}}