{"id":82218,"date":"2018-05-09T19:52:15","date_gmt":"2018-05-09T16:52:15","guid":{"rendered":"https:\/\/www.sana.sy\/es\/?p=82218"},"modified":"2023-01-10T15:16:35","modified_gmt":"2023-01-10T13:16:35","slug":"primera-edicion-de-la-feria-internacional-de-alepo-goza-de-gran-exito-segun-los-participantes","status":"publish","type":"post","link":"https:\/\/archive.sana.sy\/es\/?p=82218","title":{"rendered":"Primera edici\u00f3n de la Feria Internacional de Alepo goza de gran \u00e9xito seg\u00fan los participantes"},"content":{"rendered":"<p><span style=\"color: #800000\">Alepo, SANA<\/span><\/p>\n<p>La primer edici\u00f3n de la Feria Internacional de Alepo sigue contando con una gran afluencia de participantes en el cuarto d\u00eda de su inauguraci\u00f3n.<\/p>\n<p>En este evento econ\u00f3mico participan 400 empresas y bancos locales y extranjeros, y embajadas con alta representaci\u00f3n diplom\u00e1tica, as\u00ed como se exponen productos agro-alimentarios, textiles, tecnol\u00f3gicos, y artesan\u00eda.<\/p>\n<p>Esta feria demuestra la recuperaci\u00f3n de Alepo del terrorismo y su determinaci\u00f3n de iniciar los procesos de reconstrucci\u00f3n y producci\u00f3n.<\/p>\n<p>El se\u00f1or Yamal Daoud, del stand de la Embajada de Indonesia se\u00f1al\u00f3 que el objetivo de la participaci\u00f3n del pa\u00eds asi\u00e1tico en la feria consiste en consolidar la cooperaci\u00f3n bilateral en materia econ\u00f3mica, tur\u00edstica y de inversi\u00f3n.<\/p>\n<p>Por su parte, el embajador de Venezuela ante Siria, Imad Saab Saab, destac\u00f3 que su participaci\u00f3n en este evento viene para reiterar la solidaridad del pa\u00eds bolivariano con Siria, sobre todo con la recuperaci\u00f3n de Alepo.<\/p>\n<p>Calific\u00f3 de \u201cexitosa\u201d la primera edici\u00f3n de la feria, expresando su\u00a0disposici\u00f3n\u00a0de\u00a0participar en futuras ediciones de la misma.<\/p>\n<p>Se\u00f1al\u00f3 que \u00e9l junto con miembros de la misi\u00f3n diplom\u00e1tica realiz\u00f3 varias giras en Alepo donde pudo percibir la determinaci\u00f3n de sus habitantes de seguir adelante a pesar de todas las tragedias que sufri\u00f3 su ciudad a manos de los terroristas.<\/p>\n<p>&nbsp;<\/p>\n<p>Lynn A.<\/p>\n","protected":false},"excerpt":{"rendered":"<p>Alepo, SANA La primer edici\u00f3n de la Feria Internacional de Alepo sigue contando con una gran afluencia de participantes en el cuarto d\u00eda de su inauguraci\u00f3n. En este evento econ\u00f3mico participan 400 empresas y bancos locales y extranjeros, y embajadas con alta representaci\u00f3n diplom\u00e1tica, as\u00ed como se exponen productos agro-alimentarios, textiles, tecnol\u00f3gicos, y artesan\u00eda. Esta &hellip;<\/p>\n","protected":false},"author":24,"featured_media":82219,"comment_status":"closed","ping_status":"closed","sticky":false,"template":"","format":"standard","meta":{"footnotes":""},"categories":[485],"tags":[],"class_list":["post-82218","post","type-post","status-publish","format-standard","has-post-thumbnail","","category-informes-negocios-y-finanzas"],"_links":{"self":[{"href":"https:\/\/archive.sana.sy\/es\/index.php?rest_route=\/wp\/v2\/posts\/82218"}],"collection":[{"href":"https:\/\/archive.sana.sy\/es\/index.php?rest_route=\/wp\/v2\/posts"}],"about":[{"href":"https:\/\/archive.sana.sy\/es\/index.php?rest_route=\/wp\/v2\/types\/post"}],"author":[{"embeddable":true,"href":"https:\/\/archive.sana.sy\/es\/index.php?rest_route=\/wp\/v2\/users\/24"}],"replies":[{"embeddable":true,"href":"https:\/\/archive.sana.sy\/es\/index.php?rest_route=%2Fwp%2Fv2%2Fcomments&post=82218"}],"version-history":[{"count":0,"href":"https:\/\/archive.sana.sy\/es\/index.php?rest_route=\/wp\/v2\/posts\/82218\/revisions"}],"wp:featuredmedia":[{"embeddable":true,"href":"https:\/\/archive.sana.sy\/es\/index.php?rest_route=\/wp\/v2\/media\/82219"}],"wp:attachment":[{"href":"https:\/\/archive.sana.sy\/es\/index.php?rest_route=%2Fwp%2Fv2%2Fmedia&parent=82218"}],"wp:term":[{"taxonomy":"category","embeddable":true,"href":"https:\/\/archive.sana.sy\/es\/index.php?rest_route=%2Fwp%2Fv2%2Fcategories&post=82218"},{"taxonomy":"post_tag","embeddable":true,"href":"https:\/\/archive.sana.sy\/es\/index.php?rest_route=%2Fwp%2Fv2%2Ftags&post=82218"}],"curies":[{"name":"wp","href":"https:\/\/api.w.org\/{rel}","templated":true}]}}