{"id":82246,"date":"2018-05-10T11:16:27","date_gmt":"2018-05-10T08:16:27","guid":{"rendered":"https:\/\/www.sana.sy\/es\/?p=82246"},"modified":"2018-05-10T11:16:27","modified_gmt":"2018-05-10T08:16:27","slug":"continua-la-operacion-de-sacar-a-los-terroristas-y-sus-familias-de-yelda-bebila-y-beit-sahem","status":"publish","type":"post","link":"https:\/\/archive.sana.sy\/es\/?p=82246","title":{"rendered":"Contin\u00faa la operaci\u00f3n de sacar a los terroristas y sus familias de Yelda, Bebila y Beit Sahem"},"content":{"rendered":"<p><span style=\"color: #800000;\">Rif Dimashq, SANA<\/span><\/p>\n<p>El reportero de guerra de SANA ha informado que contin\u00faa la operaci\u00f3n de sacar a los armados y sus familias de Yelda, Bebila y Beit Sahem pues se est\u00e1n preparando los \u00f3mnibus que trasladar\u00e1n a la s\u00e9ptima partida hacia el norte sirio.<\/p>\n<p>Es de se\u00f1alar que ayer fue sacada la sexta partida compuesta por 37 \u00f3mnibus, con armados y sus familias a bordo, a trav\u00e9s del paso de la localidad de Beit Sahem hacia el norte de Siria.<\/p>\n<p><span style=\"color: #0000ff;\">Dr. A. Shaban<\/span><\/p>\n","protected":false},"excerpt":{"rendered":"<p>Rif Dimashq, SANA El reportero de guerra de SANA ha informado que contin\u00faa la operaci\u00f3n de sacar a los armados y sus familias de Yelda, Bebila y Beit Sahem pues se est\u00e1n preparando los \u00f3mnibus que trasladar\u00e1n a la s\u00e9ptima partida hacia el norte sirio. Es de se\u00f1alar que ayer fue sacada la sexta partida &hellip;<\/p>\n","protected":false},"author":1,"featured_media":82247,"comment_status":"closed","ping_status":"closed","sticky":false,"template":"","format":"standard","meta":{"footnotes":""},"categories":[597,573,476,7541],"tags":[11973],"class_list":["post-82246","post","type-post","status-publish","format-standard","has-post-thumbnail","","category-cinta-de-noticias","category-la-realidad-de-los-acontecimientos-en-siria","category-locales","category-ultimas-noticias","tag-continua-la-operacion-de-sacar-a-los-terroristas-y-sus-familias-de-yelda-bebila-y-beit-sahem"],"_links":{"self":[{"href":"https:\/\/archive.sana.sy\/es\/index.php?rest_route=\/wp\/v2\/posts\/82246"}],"collection":[{"href":"https:\/\/archive.sana.sy\/es\/index.php?rest_route=\/wp\/v2\/posts"}],"about":[{"href":"https:\/\/archive.sana.sy\/es\/index.php?rest_route=\/wp\/v2\/types\/post"}],"author":[{"embeddable":true,"href":"https:\/\/archive.sana.sy\/es\/index.php?rest_route=\/wp\/v2\/users\/1"}],"replies":[{"embeddable":true,"href":"https:\/\/archive.sana.sy\/es\/index.php?rest_route=%2Fwp%2Fv2%2Fcomments&post=82246"}],"version-history":[{"count":0,"href":"https:\/\/archive.sana.sy\/es\/index.php?rest_route=\/wp\/v2\/posts\/82246\/revisions"}],"wp:featuredmedia":[{"embeddable":true,"href":"https:\/\/archive.sana.sy\/es\/index.php?rest_route=\/wp\/v2\/media\/82247"}],"wp:attachment":[{"href":"https:\/\/archive.sana.sy\/es\/index.php?rest_route=%2Fwp%2Fv2%2Fmedia&parent=82246"}],"wp:term":[{"taxonomy":"category","embeddable":true,"href":"https:\/\/archive.sana.sy\/es\/index.php?rest_route=%2Fwp%2Fv2%2Fcategories&post=82246"},{"taxonomy":"post_tag","embeddable":true,"href":"https:\/\/archive.sana.sy\/es\/index.php?rest_route=%2Fwp%2Fv2%2Ftags&post=82246"}],"curies":[{"name":"wp","href":"https:\/\/api.w.org\/{rel}","templated":true}]}}