{"id":82252,"date":"2018-05-10T14:29:37","date_gmt":"2018-05-10T11:29:37","guid":{"rendered":"https:\/\/www.sana.sy\/es\/?p=82252"},"modified":"2018-05-10T14:29:37","modified_gmt":"2018-05-10T11:29:37","slug":"tres-martires-a-consecuencia-de-la-reciente-agresion-israeli-contra-el-territorio-sirio","status":"publish","type":"post","link":"https:\/\/archive.sana.sy\/es\/?p=82252","title":{"rendered":"Tres m\u00e1rtires a consecuencia de la reciente agresi\u00f3n israel\u00ed contra el territorio sirio"},"content":{"rendered":"<div id=\"m_-7764474093945224618yui_3_16_0_ym19_1_1525949323291_5491\"><b id=\"m_-7764474093945224618yui_3_16_0_ym19_1_1525949323291_5498\"><u id=\"m_-7764474093945224618yui_3_16_0_ym19_1_1525949323291_5499\"><span id=\"m_-7764474093945224618yui_3_16_0_ym19_1_1525949323291_5500\" lang=\"ES-TRAD\">Damasco, SANA<u><\/u><u><\/u><\/span><\/u><\/b><\/div>\n<div id=\"m_-7764474093945224618yui_3_16_0_ym19_1_1525949323291_5502\"><span id=\"m_-7764474093945224618yui_3_16_0_ym19_1_1525949323291_5503\" lang=\"ES-TRAD\"><u><\/u>\u00a0<u><\/u><\/span><\/div>\n<div id=\"m_-7764474093945224618yui_3_16_0_ym19_1_1525949323291_5505\"><span id=\"m_-7764474093945224618yui_3_16_0_ym19_1_1525949323291_5506\" lang=\"ES-TRAD\">La Comandancia General del Ej\u00e9rcito y las Fuerzas Armadas inform\u00f3 que las unidades del ej\u00e9rcito repelieron una nueva agresi\u00f3n israel\u00ed con misiles y demostraron una vez m\u00e1s la disposici\u00f3n de defender el orgullo de la patria y su soberan\u00eda.<u><\/u><u><\/u><\/span><\/div>\n<div id=\"m_-7764474093945224618yui_3_16_0_ym19_1_1525949323291_5508\"><span id=\"m_-7764474093945224618yui_3_16_0_ym19_1_1525949323291_5509\" lang=\"ES-TRAD\"><u><\/u>\u00a0<u><\/u><\/span><\/div>\n<div id=\"m_-7764474093945224618yui_3_16_0_ym19_1_1525949323291_5511\"><span id=\"m_-7764474093945224618yui_3_16_0_ym19_1_1525949323291_5512\" lang=\"ES-TRAD\">En una declaraci\u00f3n, la Comandancia del Ej\u00e9rcito afirm\u00f3 que \u201ccon alta eficiencia, los sistemas de defensa antia\u00e9reos lograron interceptar y destruir la mayor\u00eda de las sucesivas oleadas de misiles israel\u00edes que apuntaban contra varias posiciones militares sirias en m\u00e1s de un frente\u201d.<u><\/u><u><\/u><\/span><\/div>\n<div id=\"m_-7764474093945224618yui_3_16_0_ym19_1_1525949323291_5514\"><span id=\"m_-7764474093945224618yui_3_16_0_ym19_1_1525949323291_5515\" lang=\"ES-TRAD\"><u><\/u>\u00a0<u><\/u><\/span><\/div>\n<div id=\"m_-7764474093945224618yui_3_16_0_ym19_1_1525949323291_5517\"><span id=\"m_-7764474093945224618yui_3_16_0_ym19_1_1525949323291_5518\" lang=\"ES-TRAD\">La declaraci\u00f3n inform\u00f3 que la agresi\u00f3n caus\u00f3 la muerte de tres personas y lesiones a otras dos, adem\u00e1s de la destrucci\u00f3n de una estaci\u00f3n de radar, un dep\u00f3sito de municiones, y \u00a0provoc\u00f3 da\u00f1os materiales en varias brigadas de defensa antia\u00e9rea.<u><\/u><u><\/u><\/span><\/div>\n<div id=\"m_-7764474093945224618yui_3_16_0_ym19_1_1525949323291_5520\"><span id=\"m_-7764474093945224618yui_3_16_0_ym19_1_1525949323291_5521\" lang=\"ES-TRAD\"><u><\/u>\u00a0<u><\/u><\/span><\/div>\n<div id=\"m_-7764474093945224618yui_3_16_0_ym19_1_1525949323291_5366\"><\/div>\n<div id=\"m_-7764474093945224618yui_3_16_0_ym19_1_1525949323291_5523\" dir=\"ltr\"><span id=\"m_-7764474093945224618yui_3_16_0_ym19_1_1525949323291_5524\" lang=\"ES-TRAD\">Por \u00faltimo, el Comando General del Ej\u00e9rcito y las Fuerzas Armadas reiter\u00f3 su disposici\u00f3n de repeler cualquier agresi\u00f3n con toda responsabilidad y firmeza, y al mismo tiempo reafirma la inutilidad de cualquier intento sionista de apoyar el colapsado terrorismo bajo los golpes de nuestro ej\u00e9rcito.<\/span><\/div>\n<p><span style=\"color: #0000ff;\">F. Marouf\/ Dr. A. Shaban<\/span><\/p>\n","protected":false},"excerpt":{"rendered":"<p>Damasco, SANA \u00a0 La Comandancia General del Ej\u00e9rcito y las Fuerzas Armadas inform\u00f3 que las unidades del ej\u00e9rcito repelieron una nueva agresi\u00f3n israel\u00ed con misiles y demostraron una vez m\u00e1s la disposici\u00f3n de defender el orgullo de la patria y su soberan\u00eda. \u00a0 En una declaraci\u00f3n, la Comandancia del Ej\u00e9rcito afirm\u00f3 que \u201ccon alta eficiencia, &hellip;<\/p>\n","protected":false},"author":1,"featured_media":75845,"comment_status":"closed","ping_status":"closed","sticky":false,"template":"","format":"standard","meta":{"footnotes":""},"categories":[597,573,476,583,7541],"tags":[],"class_list":["post-82252","post","type-post","status-publish","format-standard","has-post-thumbnail","","category-cinta-de-noticias","category-la-realidad-de-los-acontecimientos-en-siria","category-locales","category-slide","category-ultimas-noticias"],"_links":{"self":[{"href":"https:\/\/archive.sana.sy\/es\/index.php?rest_route=\/wp\/v2\/posts\/82252"}],"collection":[{"href":"https:\/\/archive.sana.sy\/es\/index.php?rest_route=\/wp\/v2\/posts"}],"about":[{"href":"https:\/\/archive.sana.sy\/es\/index.php?rest_route=\/wp\/v2\/types\/post"}],"author":[{"embeddable":true,"href":"https:\/\/archive.sana.sy\/es\/index.php?rest_route=\/wp\/v2\/users\/1"}],"replies":[{"embeddable":true,"href":"https:\/\/archive.sana.sy\/es\/index.php?rest_route=%2Fwp%2Fv2%2Fcomments&post=82252"}],"version-history":[{"count":0,"href":"https:\/\/archive.sana.sy\/es\/index.php?rest_route=\/wp\/v2\/posts\/82252\/revisions"}],"wp:featuredmedia":[{"embeddable":true,"href":"https:\/\/archive.sana.sy\/es\/index.php?rest_route=\/wp\/v2\/media\/75845"}],"wp:attachment":[{"href":"https:\/\/archive.sana.sy\/es\/index.php?rest_route=%2Fwp%2Fv2%2Fmedia&parent=82252"}],"wp:term":[{"taxonomy":"category","embeddable":true,"href":"https:\/\/archive.sana.sy\/es\/index.php?rest_route=%2Fwp%2Fv2%2Fcategories&post=82252"},{"taxonomy":"post_tag","embeddable":true,"href":"https:\/\/archive.sana.sy\/es\/index.php?rest_route=%2Fwp%2Fv2%2Ftags&post=82252"}],"curies":[{"name":"wp","href":"https:\/\/api.w.org\/{rel}","templated":true}]}}