{"id":82254,"date":"2018-05-10T15:23:12","date_gmt":"2018-05-10T12:23:12","guid":{"rendered":"https:\/\/www.sana.sy\/es\/?p=82254"},"modified":"2018-05-10T18:29:20","modified_gmt":"2018-05-10T15:29:20","slug":"moscu-expresa-preocupacion-por-agersion-israeli-contra-el-territorio-sirio","status":"publish","type":"post","link":"https:\/\/archive.sana.sy\/es\/?p=82254","title":{"rendered":"Mosc\u00fa expresa preocupaci\u00f3n por agersi\u00f3n israel\u00ed contra el territorio sirio"},"content":{"rendered":"<p>Mosc\u00fa, SANA<\/p>\n<p>El vicecanciller ruso, Mijael Bogdanov, expres\u00f3 preocupaci\u00f3n de Rusia por la agresi\u00f3n israel\u00ed que se produjo anoche contra el territorio sirio.<\/p>\n<p>La agencia rusa Sputnik cit\u00f3 a Bogdanov diciendo al margen de la Cumbre Econ\u00f3mica de Kaz\u00e1n, que esta actitud \u201cgenera la preocupaci\u00f3n de todos\u201d, agregando que Mosc\u00fa se est\u00e1 comunicando con todos los actores y llama a los mismos a la autoconteci\u00f3n.<\/p>\n<p>La defensa anti\u00e1erea del Ej\u00e9rcito sirio intercept\u00f3 anoche una agresi\u00f3n israel\u00ed con misiles contra el territorio sirio y derrib\u00f3 a decenas.<\/p>\n<p>L.A<\/p>\n","protected":false},"excerpt":{"rendered":"<p>Mosc\u00fa, SANA El vicecanciller ruso, Mijael Bogdanov, expres\u00f3 preocupaci\u00f3n de Rusia por la agresi\u00f3n israel\u00ed que se produjo anoche contra el territorio sirio. La agencia rusa Sputnik cit\u00f3 a Bogdanov diciendo al margen de la Cumbre Econ\u00f3mica de Kaz\u00e1n, que esta actitud \u201cgenera la preocupaci\u00f3n de todos\u201d, agregando que Mosc\u00fa se est\u00e1 comunicando con todos &hellip;<\/p>\n","protected":false},"author":1,"featured_media":82255,"comment_status":"closed","ping_status":"closed","sticky":false,"template":"","format":"standard","meta":{"footnotes":""},"categories":[467,7541],"tags":[],"class_list":["post-82254","post","type-post","status-publish","format-standard","has-post-thumbnail","","category-siria-y-el-mundo","category-ultimas-noticias"],"_links":{"self":[{"href":"https:\/\/archive.sana.sy\/es\/index.php?rest_route=\/wp\/v2\/posts\/82254"}],"collection":[{"href":"https:\/\/archive.sana.sy\/es\/index.php?rest_route=\/wp\/v2\/posts"}],"about":[{"href":"https:\/\/archive.sana.sy\/es\/index.php?rest_route=\/wp\/v2\/types\/post"}],"author":[{"embeddable":true,"href":"https:\/\/archive.sana.sy\/es\/index.php?rest_route=\/wp\/v2\/users\/1"}],"replies":[{"embeddable":true,"href":"https:\/\/archive.sana.sy\/es\/index.php?rest_route=%2Fwp%2Fv2%2Fcomments&post=82254"}],"version-history":[{"count":0,"href":"https:\/\/archive.sana.sy\/es\/index.php?rest_route=\/wp\/v2\/posts\/82254\/revisions"}],"wp:featuredmedia":[{"embeddable":true,"href":"https:\/\/archive.sana.sy\/es\/index.php?rest_route=\/wp\/v2\/media\/82255"}],"wp:attachment":[{"href":"https:\/\/archive.sana.sy\/es\/index.php?rest_route=%2Fwp%2Fv2%2Fmedia&parent=82254"}],"wp:term":[{"taxonomy":"category","embeddable":true,"href":"https:\/\/archive.sana.sy\/es\/index.php?rest_route=%2Fwp%2Fv2%2Fcategories&post=82254"},{"taxonomy":"post_tag","embeddable":true,"href":"https:\/\/archive.sana.sy\/es\/index.php?rest_route=%2Fwp%2Fv2%2Ftags&post=82254"}],"curies":[{"name":"wp","href":"https:\/\/api.w.org\/{rel}","templated":true}]}}