{"id":82257,"date":"2018-05-10T15:34:09","date_gmt":"2018-05-10T12:34:09","guid":{"rendered":"https:\/\/www.sana.sy\/es\/?p=82257"},"modified":"2018-05-10T15:34:25","modified_gmt":"2018-05-10T12:34:25","slug":"cancilleria-la-actitud-agresiva-del-ente-sionista-no-lograra-revivir-el-proyecto-conspirativo-derrotado-en-siria","status":"publish","type":"post","link":"https:\/\/archive.sana.sy\/es\/?p=82257","title":{"rendered":"Canciller\u00eda: la actitud agresiva del ente sionista no lograr\u00e1 revivir el proyecto conspirativo derrotado en Siria"},"content":{"rendered":"<p>Damasco,SANA<\/p>\n<p>Una fuente oficial en el Ministerio de Exteriores y Expatriados dijo que &#8220;en el marco de la conducta agresiva del ente sionista y en respuesta a la derrota de sus instrumentos las agrupaciones terroristas, as\u00ed en la madrugada de hoy atac\u00f3 con misiles algunas posiciones militares donde fueron interceptados y derribados en su mayor\u00eda por los medios de la defensa antia\u00e9rea en el ej\u00e9rcito \u00e1rabe sirio.<\/p>\n<p>La fuente agreg\u00f3 en una nota que la entrada del ente sionista y sus apoyos en la contienda de forma directa ahora indica que una nueva etapa de agresi\u00f3n a Siria ha comenzado despu\u00e9s de la derrota de los delegados.<\/p>\n<p>La fuente agreg\u00f3 que esta actitud agresiva de parte del ente sionista no lograr\u00e1 revivir el proyecto conspirativo derrotado en Siria, y s\u00f3lo llevar\u00e1 al incremento de las tensiones en la zona lo cual constituye una seria amenaza para la paz y la seguridad internacionales.<\/p>\n<p>Dr. A. Shaban<\/p>\n","protected":false},"excerpt":{"rendered":"<p>Damasco,SANA Una fuente oficial en el Ministerio de Exteriores y Expatriados dijo que &#8220;en el marco de la conducta agresiva del ente sionista y en respuesta a la derrota de sus instrumentos las agrupaciones terroristas, as\u00ed en la madrugada de hoy atac\u00f3 con misiles algunas posiciones militares donde fueron interceptados y derribados en su mayor\u00eda &hellip;<\/p>\n","protected":false},"author":1,"featured_media":82258,"comment_status":"closed","ping_status":"closed","sticky":false,"template":"","format":"standard","meta":{"footnotes":""},"categories":[573,476,7541],"tags":[],"class_list":["post-82257","post","type-post","status-publish","format-standard","has-post-thumbnail","","category-la-realidad-de-los-acontecimientos-en-siria","category-locales","category-ultimas-noticias"],"_links":{"self":[{"href":"https:\/\/archive.sana.sy\/es\/index.php?rest_route=\/wp\/v2\/posts\/82257"}],"collection":[{"href":"https:\/\/archive.sana.sy\/es\/index.php?rest_route=\/wp\/v2\/posts"}],"about":[{"href":"https:\/\/archive.sana.sy\/es\/index.php?rest_route=\/wp\/v2\/types\/post"}],"author":[{"embeddable":true,"href":"https:\/\/archive.sana.sy\/es\/index.php?rest_route=\/wp\/v2\/users\/1"}],"replies":[{"embeddable":true,"href":"https:\/\/archive.sana.sy\/es\/index.php?rest_route=%2Fwp%2Fv2%2Fcomments&post=82257"}],"version-history":[{"count":0,"href":"https:\/\/archive.sana.sy\/es\/index.php?rest_route=\/wp\/v2\/posts\/82257\/revisions"}],"wp:featuredmedia":[{"embeddable":true,"href":"https:\/\/archive.sana.sy\/es\/index.php?rest_route=\/wp\/v2\/media\/82258"}],"wp:attachment":[{"href":"https:\/\/archive.sana.sy\/es\/index.php?rest_route=%2Fwp%2Fv2%2Fmedia&parent=82257"}],"wp:term":[{"taxonomy":"category","embeddable":true,"href":"https:\/\/archive.sana.sy\/es\/index.php?rest_route=%2Fwp%2Fv2%2Fcategories&post=82257"},{"taxonomy":"post_tag","embeddable":true,"href":"https:\/\/archive.sana.sy\/es\/index.php?rest_route=%2Fwp%2Fv2%2Ftags&post=82257"}],"curies":[{"name":"wp","href":"https:\/\/api.w.org\/{rel}","templated":true}]}}