{"id":82268,"date":"2018-05-10T18:58:48","date_gmt":"2018-05-10T15:58:48","guid":{"rendered":"https:\/\/www.sana.sy\/es\/?p=82268"},"modified":"2018-05-10T20:28:38","modified_gmt":"2018-05-10T17:28:38","slug":"septimo-grupo-de-terroristas-y-sus-familias-sale-de-las-localidades-de-beit-sahem-yalda-y-babila","status":"publish","type":"post","link":"https:\/\/archive.sana.sy\/es\/?p=82268","title":{"rendered":"Los poblados de Yelda, Babila y Biet Saham, en el sur de Damasco ya libres de terroristas"},"content":{"rendered":"<p>Damasco campo, SANA<\/p>\n<p>Los poblados de Yelda, Babila y Biet Saham, en el sur de Damasco ya libres de la presencia de terrorista despu\u00e9s de la partida de la \u00faltima tanda de autobuses, que trasladaron hacia el norte del pa\u00eds, los terroristas y los miembros de sus familiares que negaron a regularizar su estatus jur\u00eddico.<\/p>\n<p>Anteriormente, un s\u00e9ptimo grupo de terroristas y sus familias sali\u00f3 esta tarde a bordo de numerosos autobuses de las localidades de Beit Sahem, Yalda y Babila para que luego sea trasladado al norte de Siria.<\/p>\n<p>La evacuaci\u00f3n de los terroristas quienes se negaron a normalizar su estado jur\u00eddico, de las tres localidades coincide con los operativos lanzados por el Ej\u00e9rcito sirio en los extremos norte del barrio de Hayar al Aswad para erradicar definitivamente el terrorismo en el sur de la capital Damasco.<\/p>\n<p>Anteayer, un convoy de 37 autobuses evacu\u00f3 a decenas de terroristas junto con sus familias de las referidas localidades hacia el norte de Siria.<\/p>\n<p>El reportero a\u00f1adi\u00f3 que despu\u00e9s de la finalizaci\u00f3n del proceso de evacuaci\u00f3n, las autoridades sirias proceder\u00e1n a normalizar el estado jur\u00eddico de los armados que se quedaron y se entregaron junto con sus armas.<\/p>\n<p>Lynn A.<\/p>\n","protected":false},"excerpt":{"rendered":"<p>Damasco campo, SANA Los poblados de Yelda, Babila y Biet Saham, en el sur de Damasco ya libres de la presencia de terrorista despu\u00e9s de la partida de la \u00faltima tanda de autobuses, que trasladaron hacia el norte del pa\u00eds, los terroristas y los miembros de sus familiares que negaron a regularizar su estatus jur\u00eddico. &hellip;<\/p>\n","protected":false},"author":1,"featured_media":82269,"comment_status":"closed","ping_status":"closed","sticky":false,"template":"","format":"standard","meta":{"footnotes":""},"categories":[476,7541],"tags":[],"class_list":["post-82268","post","type-post","status-publish","format-standard","has-post-thumbnail","","category-locales","category-ultimas-noticias"],"_links":{"self":[{"href":"https:\/\/archive.sana.sy\/es\/index.php?rest_route=\/wp\/v2\/posts\/82268"}],"collection":[{"href":"https:\/\/archive.sana.sy\/es\/index.php?rest_route=\/wp\/v2\/posts"}],"about":[{"href":"https:\/\/archive.sana.sy\/es\/index.php?rest_route=\/wp\/v2\/types\/post"}],"author":[{"embeddable":true,"href":"https:\/\/archive.sana.sy\/es\/index.php?rest_route=\/wp\/v2\/users\/1"}],"replies":[{"embeddable":true,"href":"https:\/\/archive.sana.sy\/es\/index.php?rest_route=%2Fwp%2Fv2%2Fcomments&post=82268"}],"version-history":[{"count":0,"href":"https:\/\/archive.sana.sy\/es\/index.php?rest_route=\/wp\/v2\/posts\/82268\/revisions"}],"wp:featuredmedia":[{"embeddable":true,"href":"https:\/\/archive.sana.sy\/es\/index.php?rest_route=\/wp\/v2\/media\/82269"}],"wp:attachment":[{"href":"https:\/\/archive.sana.sy\/es\/index.php?rest_route=%2Fwp%2Fv2%2Fmedia&parent=82268"}],"wp:term":[{"taxonomy":"category","embeddable":true,"href":"https:\/\/archive.sana.sy\/es\/index.php?rest_route=%2Fwp%2Fv2%2Fcategories&post=82268"},{"taxonomy":"post_tag","embeddable":true,"href":"https:\/\/archive.sana.sy\/es\/index.php?rest_route=%2Fwp%2Fv2%2Ftags&post=82268"}],"curies":[{"name":"wp","href":"https:\/\/api.w.org\/{rel}","templated":true}]}}