{"id":82271,"date":"2018-05-10T19:12:09","date_gmt":"2018-05-10T16:12:09","guid":{"rendered":"https:\/\/www.sana.sy\/es\/?p=82271"},"modified":"2023-01-10T15:16:35","modified_gmt":"2023-01-10T13:16:35","slug":"la-electricidad-vuelve-a-150-fabricas-pequenas-y-medianas-en-la-zona-industrial-de-kallaseh-en-alepo","status":"publish","type":"post","link":"https:\/\/archive.sana.sy\/es\/?p=82271","title":{"rendered":"La electricidad vuelve a 150 f\u00e1bricas peque\u00f1as y medianas en la zona industrial de Kallaseh en Alepo"},"content":{"rendered":"<p>Alepo, SANA<\/p>\n<p>El corriente el\u00e9ctrico se ha restablecido este jueves a 150 f\u00e1bricas peque\u00f1as y medianas en la zona industrial de Kallaseh en la ciudad norte\u00f1a de Alepo.<\/p>\n<p>El Director General de la Compa\u00f1\u00eda P\u00fablica de Electricidad de Alepo, Mohamad Saleh, se\u00f1al\u00f3 que la rehabilitaci\u00f3n de la red el\u00e9ctrica en la zona de Kallaseh hab\u00eda iniciado hace tres meses, y hoy el jueves se cumpli\u00f3 con la primera etapa de este proceso al suministrar electricidad a 150 instalaciones industriales a trav\u00e9s de 13 centros de transformaci\u00f3n que se repusieron en funcionamiento.<\/p>\n<p>Saleh aludi\u00f3 al continuo trabajo para restablecer la electricidad a las instalaciones en todas las zonas industriales de Alepo seg\u00fan un plan dise\u00f1ado para apoyar al proceso de producci\u00f3n y la industria nacional, y para satisfacer las necesidades de los industriales.<\/p>\n<p>El presidente de la C\u00e1mara de Comercio de Alepo, Fares Shihabi aclar\u00f3 que la importancia de la zona de Kallaseh reside en que la misma abarca a centenares de talleres y f\u00e1bricas peque\u00f1as y medianas cuya producci\u00f3n ser\u00e1 un importante aporte a la econom\u00eda nacional.<\/p>\n<p>Lynn A.<\/p>\n","protected":false},"excerpt":{"rendered":"<p>Alepo, SANA El corriente el\u00e9ctrico se ha restablecido este jueves a 150 f\u00e1bricas peque\u00f1as y medianas en la zona industrial de Kallaseh en la ciudad norte\u00f1a de Alepo. El Director General de la Compa\u00f1\u00eda P\u00fablica de Electricidad de Alepo, Mohamad Saleh, se\u00f1al\u00f3 que la rehabilitaci\u00f3n de la red el\u00e9ctrica en la zona de Kallaseh hab\u00eda &hellip;<\/p>\n","protected":false},"author":1,"featured_media":82272,"comment_status":"closed","ping_status":"closed","sticky":false,"template":"","format":"standard","meta":{"footnotes":""},"categories":[485,7541],"tags":[],"class_list":["post-82271","post","type-post","status-publish","format-standard","has-post-thumbnail","","category-informes-negocios-y-finanzas","category-ultimas-noticias"],"_links":{"self":[{"href":"https:\/\/archive.sana.sy\/es\/index.php?rest_route=\/wp\/v2\/posts\/82271"}],"collection":[{"href":"https:\/\/archive.sana.sy\/es\/index.php?rest_route=\/wp\/v2\/posts"}],"about":[{"href":"https:\/\/archive.sana.sy\/es\/index.php?rest_route=\/wp\/v2\/types\/post"}],"author":[{"embeddable":true,"href":"https:\/\/archive.sana.sy\/es\/index.php?rest_route=\/wp\/v2\/users\/1"}],"replies":[{"embeddable":true,"href":"https:\/\/archive.sana.sy\/es\/index.php?rest_route=%2Fwp%2Fv2%2Fcomments&post=82271"}],"version-history":[{"count":0,"href":"https:\/\/archive.sana.sy\/es\/index.php?rest_route=\/wp\/v2\/posts\/82271\/revisions"}],"wp:featuredmedia":[{"embeddable":true,"href":"https:\/\/archive.sana.sy\/es\/index.php?rest_route=\/wp\/v2\/media\/82272"}],"wp:attachment":[{"href":"https:\/\/archive.sana.sy\/es\/index.php?rest_route=%2Fwp%2Fv2%2Fmedia&parent=82271"}],"wp:term":[{"taxonomy":"category","embeddable":true,"href":"https:\/\/archive.sana.sy\/es\/index.php?rest_route=%2Fwp%2Fv2%2Fcategories&post=82271"},{"taxonomy":"post_tag","embeddable":true,"href":"https:\/\/archive.sana.sy\/es\/index.php?rest_route=%2Fwp%2Fv2%2Ftags&post=82271"}],"curies":[{"name":"wp","href":"https:\/\/api.w.org\/{rel}","templated":true}]}}