{"id":82356,"date":"2018-05-11T17:56:06","date_gmt":"2018-05-11T14:56:06","guid":{"rendered":"https:\/\/www.sana.sy\/es\/?p=82356"},"modified":"2023-01-10T15:24:00","modified_gmt":"2023-01-10T13:24:00","slug":"la-fao-concluye-su-conferencia-en-roma-con-la-participacion-de-siria","status":"publish","type":"post","link":"https:\/\/archive.sana.sy\/es\/?p=82356","title":{"rendered":"La FAO concluye su conferencia en Roma con la participaci\u00f3n de Siria"},"content":{"rendered":"<p><span style=\"color: #800000\">Roma, SANA<\/span>&#8211; La Organizaci\u00f3n de las Naciones Unidas para la Alimentaci\u00f3n y la Agricultura (FAO) finaliz\u00f3 su 34\u00aa Conferencia Regional para el Cercano Oriente y \u00c1frica del Norte, celebrada en la Sede de la FAO en Roma, que dur\u00f3 desde el 7 hasta el 11 de este mes con la participaci\u00f3n de 26 pa\u00edses, incluida Siria.<\/p>\n<p>El ministro de Agricultura y Reforma Agraria. Ing. Ahmed Al Qadiri, destac\u00f3 en un discurso la importancia del sector agr\u00edcola en Siria y la destrucci\u00f3n sistem\u00e1tica y el vandalismo que ha sufrido y los efectos negativos de las sanciones econ\u00f3micas, coercitiva unilateral.<\/p>\n<p>El ministro Al Qadiri ha condenado el gobierno turco, en cooperaci\u00f3n con la Media Luna Roja de Qatar por el hecho de lanzar el proyecto de protecci\u00f3n para algunas variedades de trigo sirio, ya que es una flagrante violaci\u00f3n de las obligaciones internacionales de la los derechos de los Estados en sus recursos gen\u00e9ticos.<\/p>\n<p>Asimismo, hizo un llamado a las organizaciones internacionales a realizar esfuerzos adicionales para impulsar el avance del sector agr\u00edcola a trav\u00e9s de prestar apoyo a los agricultores y la inclusi\u00f3n de los proyectos prioritarios de apoyo institucional que prestan servicios a los agricultores y ganaderos afectados, y apoyar al sector de ganader\u00eda y pesca, as\u00ed como los centros de investigaci\u00f3n cient\u00edfica, que es la base fundamental para el desarrollo del sector de la agricultura.<\/p>\n<p>Al Qadiri tambi\u00e9n se reuni\u00f3 en el marco de la conferencia con el Director General de la Organizaci\u00f3n Internacional y con un n\u00famero de diputados y algunos directores de los departamentos implicados en el desarrollo econ\u00f3mico y social, adem\u00e1s de los ministros de agricultura en T\u00fanez, Ir\u00e1n, Palestina, Sud\u00e1n y el L\u00edbano.<\/p>\n<p>M\/Miri<\/p>\n","protected":false},"excerpt":{"rendered":"<p>Roma, SANA&#8211; La Organizaci\u00f3n de las Naciones Unidas para la Alimentaci\u00f3n y la Agricultura (FAO) finaliz\u00f3 su 34\u00aa Conferencia Regional para el Cercano Oriente y \u00c1frica del Norte, celebrada en la Sede de la FAO en Roma, que dur\u00f3 desde el 7 hasta el 11 de este mes con la participaci\u00f3n de 26 pa\u00edses, incluida &hellip;<\/p>\n","protected":false},"author":1,"featured_media":82357,"comment_status":"closed","ping_status":"closed","sticky":false,"template":"","format":"standard","meta":{"footnotes":""},"categories":[597,485,467],"tags":[11983],"class_list":["post-82356","post","type-post","status-publish","format-standard","has-post-thumbnail","","category-cinta-de-noticias","category-informes-negocios-y-finanzas","category-siria-y-el-mundo","tag-la-fao"],"_links":{"self":[{"href":"https:\/\/archive.sana.sy\/es\/index.php?rest_route=\/wp\/v2\/posts\/82356"}],"collection":[{"href":"https:\/\/archive.sana.sy\/es\/index.php?rest_route=\/wp\/v2\/posts"}],"about":[{"href":"https:\/\/archive.sana.sy\/es\/index.php?rest_route=\/wp\/v2\/types\/post"}],"author":[{"embeddable":true,"href":"https:\/\/archive.sana.sy\/es\/index.php?rest_route=\/wp\/v2\/users\/1"}],"replies":[{"embeddable":true,"href":"https:\/\/archive.sana.sy\/es\/index.php?rest_route=%2Fwp%2Fv2%2Fcomments&post=82356"}],"version-history":[{"count":0,"href":"https:\/\/archive.sana.sy\/es\/index.php?rest_route=\/wp\/v2\/posts\/82356\/revisions"}],"wp:featuredmedia":[{"embeddable":true,"href":"https:\/\/archive.sana.sy\/es\/index.php?rest_route=\/wp\/v2\/media\/82357"}],"wp:attachment":[{"href":"https:\/\/archive.sana.sy\/es\/index.php?rest_route=%2Fwp%2Fv2%2Fmedia&parent=82356"}],"wp:term":[{"taxonomy":"category","embeddable":true,"href":"https:\/\/archive.sana.sy\/es\/index.php?rest_route=%2Fwp%2Fv2%2Fcategories&post=82356"},{"taxonomy":"post_tag","embeddable":true,"href":"https:\/\/archive.sana.sy\/es\/index.php?rest_route=%2Fwp%2Fv2%2Ftags&post=82356"}],"curies":[{"name":"wp","href":"https:\/\/api.w.org\/{rel}","templated":true}]}}