{"id":82445,"date":"2018-05-13T18:32:27","date_gmt":"2018-05-13T15:32:27","guid":{"rendered":"https:\/\/www.sana.sy\/es\/?p=82445"},"modified":"2019-09-10T12:21:08","modified_gmt":"2019-09-10T09:21:08","slug":"miembros-del-tribunal-constitucional-supremo-prestan-juramento-ante-el-presidente-al-assad","status":"publish","type":"post","link":"https:\/\/archive.sana.sy\/es\/?p=82445","title":{"rendered":"Miembros del Tribunal Constitucional Supremo prestan juramento ante el presidente Al-Assad"},"content":{"rendered":"<p>Damasco-SANA<\/p>\n<p>Los miembros del Tribunal Constitucional Supremo prestaron juramento antes el presidente Bashar al-Assad.<\/p>\n<p>A continuaci\u00f3n, el presidente Al-Assad recibi\u00f3 a los miembros y les dese\u00f3 \u00e9xito en sus misiones.<\/p>\n<p>El presidente al-Assad afirm\u00f3 la importancia del Tribunal Constitucional Supremo en el desarrollo de la ideolog\u00eda legislativa y en la supervisi\u00f3n del ajuste de las leyes y los decretos con la Constituci\u00f3n as\u00ed como evitar cualquier error en ellas.<\/p>\n<p>El presidente Al-Assad se\u00f1al\u00f3 la importancia de la relaci\u00f3n entre el Tribunal Constitucional y los diversos establecimientos estatales, incluida la Asamblea Popular, para alcanzar una formula \u00f3ptima de leyes y decretos.<\/p>\n<p>Por su parte, los miembros de la Corte han subrayado que realizar\u00e1n todo esfuerzo para fortalecer la ley y el poder judicial.<\/p>\n<p>El 8 de mayo, el presidente al-Assad emiti\u00f3 el decreto n\u00famero. 165 para el a\u00f1o 2018, el cual estipula el nombramiento de Mohammad Jihad al-Laham como jefe del Tribunal Constitucional Supremo y a los miembros del mismo.<\/p>\n<p>Y,K.<\/p>\n","protected":false},"excerpt":{"rendered":"<p>Damasco-SANA Los miembros del Tribunal Constitucional Supremo prestaron juramento antes el presidente Bashar al-Assad. A continuaci\u00f3n, el presidente Al-Assad recibi\u00f3 a los miembros y les dese\u00f3 \u00e9xito en sus misiones. El presidente al-Assad afirm\u00f3 la importancia del Tribunal Constitucional Supremo en el desarrollo de la ideolog\u00eda legislativa y en la supervisi\u00f3n del ajuste de las &hellip;<\/p>\n","protected":false},"author":1,"featured_media":82447,"comment_status":"closed","ping_status":"closed","sticky":false,"template":"","format":"standard","meta":{"footnotes":""},"categories":[16237,583,626],"tags":[],"class_list":["post-82445","post","type-post","status-publish","format-standard","has-post-thumbnail","","category-presidence-de-la-republique-arabe-syria","category-slide","category-sr-presidente"],"_links":{"self":[{"href":"https:\/\/archive.sana.sy\/es\/index.php?rest_route=\/wp\/v2\/posts\/82445"}],"collection":[{"href":"https:\/\/archive.sana.sy\/es\/index.php?rest_route=\/wp\/v2\/posts"}],"about":[{"href":"https:\/\/archive.sana.sy\/es\/index.php?rest_route=\/wp\/v2\/types\/post"}],"author":[{"embeddable":true,"href":"https:\/\/archive.sana.sy\/es\/index.php?rest_route=\/wp\/v2\/users\/1"}],"replies":[{"embeddable":true,"href":"https:\/\/archive.sana.sy\/es\/index.php?rest_route=%2Fwp%2Fv2%2Fcomments&post=82445"}],"version-history":[{"count":0,"href":"https:\/\/archive.sana.sy\/es\/index.php?rest_route=\/wp\/v2\/posts\/82445\/revisions"}],"wp:featuredmedia":[{"embeddable":true,"href":"https:\/\/archive.sana.sy\/es\/index.php?rest_route=\/wp\/v2\/media\/82447"}],"wp:attachment":[{"href":"https:\/\/archive.sana.sy\/es\/index.php?rest_route=%2Fwp%2Fv2%2Fmedia&parent=82445"}],"wp:term":[{"taxonomy":"category","embeddable":true,"href":"https:\/\/archive.sana.sy\/es\/index.php?rest_route=%2Fwp%2Fv2%2Fcategories&post=82445"},{"taxonomy":"post_tag","embeddable":true,"href":"https:\/\/archive.sana.sy\/es\/index.php?rest_route=%2Fwp%2Fv2%2Ftags&post=82445"}],"curies":[{"name":"wp","href":"https:\/\/api.w.org\/{rel}","templated":true}]}}