{"id":82570,"date":"2018-05-15T16:03:16","date_gmt":"2018-05-15T13:03:16","guid":{"rendered":"https:\/\/www.sana.sy\/es\/?p=82570"},"modified":"2018-05-15T16:03:43","modified_gmt":"2018-05-15T13:03:43","slug":"ejercito-sirio-y-las-fuerzas-de-seguridad-interna-levantan-la-bandera-siria-en-las-aldeas-liberadas-en-los-campos-de-hama-y-homs","status":"publish","type":"post","link":"https:\/\/archive.sana.sy\/es\/?p=82570","title":{"rendered":"Ej\u00e9rcito sirio y las Fuerzas de Seguridad Interna levantan la bandera siria en las aldeas liberadas en los campos de Hama y Homs"},"content":{"rendered":"<p><span style=\"color: #800000\">Homs, Hama, SANA<\/span> &#8211; Los preparativos para evacuar a un nuevo grupo de terroristas y sus familias al norte de Siria continuaron en el marco del acuerdo alcanzado anteriormente para limpiar el campo de Homs y Hama del terrorismo.<\/p>\n<p>El corresponsal de SANA dijo que varios autobuses entraron a las \u00e1reas de Al Holeh y Talbessa en la zona norte de Homs este martes para transportar a los terroristas que no estaban dispuestos a normalizar su condici\u00f3n jur\u00eddica, junto con sus familias al punto de reuni\u00f3n en las afueras de Al Mukhtariyah antes de dirigirse al norte de Siria.<\/p>\n<p>Agreg\u00f3 que los autobuses est\u00e1n sujetos a una inspecci\u00f3n exhaustiva para evitar que los terroristas contrabandeen a civiles o militares secuestrados, minas o artefactos explosivos.<\/p>\n<p>Se\u00f1al\u00f3 que las unidades de las fuerzas de seguridad internas entraron en las aldeas de Ezz-Eddin, Salim, al-Hamrat, al-Qneitrat, al-Hamis y Hemimeh en el campo norte de Homs despu\u00e9s de haber sido completamente evacuadas de los terroristas.<\/p>\n<p>En el campo de Hama, las unidades de ingenier\u00eda militar del ej\u00e9rcito sirio comenzaron a desmantelar minas y quitar barricadas en varios pueblos y localidades en el campo sureste de Hama, en preparaci\u00f3n para la entrada de las fuerzas de seguridad interna a tales \u00e1reas.<\/p>\n<p>De acuerdo con la fuente, se espera que la \u00faltima partida de terroristas y sus familias salgan de los campos de Homs y Hama m\u00e1s tarde hoy, despu\u00e9s de lo cual ser\u00e1n declarados como zonas libres de presencia terrorista.<\/p>\n<p>Ademas, los equipos t\u00e9cnicos y de mantenimiento contin\u00faan su trabajo de rehabilitaci\u00f3n de la carretera Homs-Hama cerca de la ciudad de Talbissa.<\/p>\n<p>&nbsp;<\/p>\n<p><a href=\"https:\/\/www.sana.sy\/es\/?attachment_id=82572\" rel=\"attachment wp-att-82572\"><img loading=\"lazy\" decoding=\"async\" class=\"alignnone size-medium wp-image-82572\" src=\"https:\/\/www.sana.sy\/es\/wp-content\/uploads\/2018\/05\/5-13-300x201.jpg\" alt=\"\" width=\"300\" height=\"201\" srcset=\"https:\/\/archive.sana.sy\/es\/wp-content\/uploads\/2018\/05\/5-13.jpg 300w, https:\/\/archive.sana.sy\/es\/wp-content\/uploads\/2018\/05\/5-13-150x101.jpg 150w, https:\/\/archive.sana.sy\/es\/wp-content\/uploads\/2018\/05\/5-13-110x75.jpg 110w\" sizes=\"(max-width: 300px) 100vw, 300px\" \/><\/a><\/p>\n<p>&nbsp;<\/p>\n<p><a href=\"https:\/\/www.sana.sy\/es\/?attachment_id=82573\" rel=\"attachment wp-att-82573\"><img loading=\"lazy\" decoding=\"async\" class=\"alignnone size-medium wp-image-82573\" src=\"https:\/\/www.sana.sy\/es\/wp-content\/uploads\/2018\/05\/6-12-300x169.jpg\" alt=\"\" width=\"300\" height=\"169\" srcset=\"https:\/\/archive.sana.sy\/es\/wp-content\/uploads\/2018\/05\/6-12-300x169.jpg 300w, https:\/\/archive.sana.sy\/es\/wp-content\/uploads\/2018\/05\/6-12-150x85.jpg 150w, https:\/\/archive.sana.sy\/es\/wp-content\/uploads\/2018\/05\/6-12.jpg 660w\" sizes=\"(max-width: 300px) 100vw, 300px\" \/><\/a><\/p>\n<p>&nbsp;<\/p>\n<p><a href=\"https:\/\/www.sana.sy\/es\/?attachment_id=82574\" rel=\"attachment wp-att-82574\"><img loading=\"lazy\" decoding=\"async\" class=\"alignnone size-medium wp-image-82574\" src=\"https:\/\/www.sana.sy\/es\/wp-content\/uploads\/2018\/05\/7-10-300x200.jpg\" alt=\"\" width=\"300\" height=\"200\" srcset=\"https:\/\/archive.sana.sy\/es\/wp-content\/uploads\/2018\/05\/7-10-300x200.jpg 300w, https:\/\/archive.sana.sy\/es\/wp-content\/uploads\/2018\/05\/7-10-150x100.jpg 150w, https:\/\/archive.sana.sy\/es\/wp-content\/uploads\/2018\/05\/7-10.jpg 660w\" sizes=\"(max-width: 300px) 100vw, 300px\" \/><\/a><\/p>\n<p>&nbsp;<\/p>\n<p><a href=\"https:\/\/www.sana.sy\/es\/?attachment_id=82575\" rel=\"attachment wp-att-82575\"><img loading=\"lazy\" decoding=\"async\" class=\"alignnone size-medium wp-image-82575\" src=\"https:\/\/www.sana.sy\/es\/wp-content\/uploads\/2018\/05\/8-7-300x191.jpg\" alt=\"\" width=\"300\" height=\"191\" srcset=\"https:\/\/archive.sana.sy\/es\/wp-content\/uploads\/2018\/05\/8-7-300x191.jpg 300w, https:\/\/archive.sana.sy\/es\/wp-content\/uploads\/2018\/05\/8-7-150x95.jpg 150w, https:\/\/archive.sana.sy\/es\/wp-content\/uploads\/2018\/05\/8-7.jpg 660w\" sizes=\"(max-width: 300px) 100vw, 300px\" \/><\/a><\/p>\n<p>M\/Miri<\/p>\n","protected":false},"excerpt":{"rendered":"<p>Homs, Hama, SANA &#8211; Los preparativos para evacuar a un nuevo grupo de terroristas y sus familias al norte de Siria continuaron en el marco del acuerdo alcanzado anteriormente para limpiar el campo de Homs y Hama del terrorismo. El corresponsal de SANA dijo que varios autobuses entraron a las \u00e1reas de Al Holeh y &hellip;<\/p>\n","protected":false},"author":1,"featured_media":82571,"comment_status":"closed","ping_status":"closed","sticky":false,"template":"","format":"standard","meta":{"footnotes":""},"categories":[597,573,583],"tags":[12000],"class_list":["post-82570","post","type-post","status-publish","format-standard","has-post-thumbnail","","category-cinta-de-noticias","category-la-realidad-de-los-acontecimientos-en-siria","category-slide","tag-ejercito-sirio-y-las-fuerzas-de-seguridad-interna"],"_links":{"self":[{"href":"https:\/\/archive.sana.sy\/es\/index.php?rest_route=\/wp\/v2\/posts\/82570"}],"collection":[{"href":"https:\/\/archive.sana.sy\/es\/index.php?rest_route=\/wp\/v2\/posts"}],"about":[{"href":"https:\/\/archive.sana.sy\/es\/index.php?rest_route=\/wp\/v2\/types\/post"}],"author":[{"embeddable":true,"href":"https:\/\/archive.sana.sy\/es\/index.php?rest_route=\/wp\/v2\/users\/1"}],"replies":[{"embeddable":true,"href":"https:\/\/archive.sana.sy\/es\/index.php?rest_route=%2Fwp%2Fv2%2Fcomments&post=82570"}],"version-history":[{"count":0,"href":"https:\/\/archive.sana.sy\/es\/index.php?rest_route=\/wp\/v2\/posts\/82570\/revisions"}],"wp:featuredmedia":[{"embeddable":true,"href":"https:\/\/archive.sana.sy\/es\/index.php?rest_route=\/wp\/v2\/media\/82571"}],"wp:attachment":[{"href":"https:\/\/archive.sana.sy\/es\/index.php?rest_route=%2Fwp%2Fv2%2Fmedia&parent=82570"}],"wp:term":[{"taxonomy":"category","embeddable":true,"href":"https:\/\/archive.sana.sy\/es\/index.php?rest_route=%2Fwp%2Fv2%2Fcategories&post=82570"},{"taxonomy":"post_tag","embeddable":true,"href":"https:\/\/archive.sana.sy\/es\/index.php?rest_route=%2Fwp%2Fv2%2Ftags&post=82570"}],"curies":[{"name":"wp","href":"https:\/\/api.w.org\/{rel}","templated":true}]}}