{"id":82578,"date":"2018-05-15T16:10:45","date_gmt":"2018-05-15T13:10:45","guid":{"rendered":"https:\/\/www.sana.sy\/es\/?p=82578"},"modified":"2018-05-15T16:10:45","modified_gmt":"2018-05-15T13:10:45","slug":"putin-y-macaron-comparten-ideas-para-resolver-la-crisis-en-siria","status":"publish","type":"post","link":"https:\/\/archive.sana.sy\/es\/?p=82578","title":{"rendered":"Putin y Macaron comparten ideas para resolver la crisis en Siria"},"content":{"rendered":"<p><span style=\"color: #800000\">Mosc\u00fa, SANA<\/span>&#8211; El presidente ruso, Vladimir Putin, y el presidente franc\u00e9s, Emmanuel Macron, intercambiaron este martes opiniones para resolver la crisis en Siria.<\/p>\n<p>\u201cPutin y Macron confirmaron el compromiso de Rusia y Francia con el acuerdo nuclear firmado con Ir\u00e1n\u201d, dijo la agencia de noticias Sputnik citando al Kremlin en un comunicado.<\/p>\n<p>Seg\u00fan la nota del Kremlin, ambos mandatarios discutieron, en una conversaci\u00f3n telef\u00f3nica por iniciativa de la parte francesa, el acuerdo nuclear y se enfocaron en el tema de la retirada de Washington del acuerdo.<\/p>\n<p>Antes, el presidente de los Estados Unidos, Donald Trump, anunci\u00f3 la semana pasada la retirada de su pa\u00eds del acuerdo nuclear con Ir\u00e1n.<\/p>\n<p>M\/Miri<\/p>\n","protected":false},"excerpt":{"rendered":"<p>Mosc\u00fa, SANA&#8211; El presidente ruso, Vladimir Putin, y el presidente franc\u00e9s, Emmanuel Macron, intercambiaron este martes opiniones para resolver la crisis en Siria. \u201cPutin y Macron confirmaron el compromiso de Rusia y Francia con el acuerdo nuclear firmado con Ir\u00e1n\u201d, dijo la agencia de noticias Sputnik citando al Kremlin en un comunicado. Seg\u00fan la nota &hellip;<\/p>\n","protected":false},"author":1,"featured_media":82579,"comment_status":"closed","ping_status":"closed","sticky":false,"template":"","format":"standard","meta":{"footnotes":""},"categories":[597,456,457],"tags":[12001],"class_list":["post-82578","post","type-post","status-publish","format-standard","has-post-thumbnail","","category-cinta-de-noticias","category-arabe-internacional-politica","category-noticias-arabe-internacional-politica","tag-putin-y-macaron"],"_links":{"self":[{"href":"https:\/\/archive.sana.sy\/es\/index.php?rest_route=\/wp\/v2\/posts\/82578"}],"collection":[{"href":"https:\/\/archive.sana.sy\/es\/index.php?rest_route=\/wp\/v2\/posts"}],"about":[{"href":"https:\/\/archive.sana.sy\/es\/index.php?rest_route=\/wp\/v2\/types\/post"}],"author":[{"embeddable":true,"href":"https:\/\/archive.sana.sy\/es\/index.php?rest_route=\/wp\/v2\/users\/1"}],"replies":[{"embeddable":true,"href":"https:\/\/archive.sana.sy\/es\/index.php?rest_route=%2Fwp%2Fv2%2Fcomments&post=82578"}],"version-history":[{"count":0,"href":"https:\/\/archive.sana.sy\/es\/index.php?rest_route=\/wp\/v2\/posts\/82578\/revisions"}],"wp:featuredmedia":[{"embeddable":true,"href":"https:\/\/archive.sana.sy\/es\/index.php?rest_route=\/wp\/v2\/media\/82579"}],"wp:attachment":[{"href":"https:\/\/archive.sana.sy\/es\/index.php?rest_route=%2Fwp%2Fv2%2Fmedia&parent=82578"}],"wp:term":[{"taxonomy":"category","embeddable":true,"href":"https:\/\/archive.sana.sy\/es\/index.php?rest_route=%2Fwp%2Fv2%2Fcategories&post=82578"},{"taxonomy":"post_tag","embeddable":true,"href":"https:\/\/archive.sana.sy\/es\/index.php?rest_route=%2Fwp%2Fv2%2Ftags&post=82578"}],"curies":[{"name":"wp","href":"https:\/\/api.w.org\/{rel}","templated":true}]}}