{"id":82627,"date":"2018-05-16T11:35:17","date_gmt":"2018-05-16T08:35:17","guid":{"rendered":"https:\/\/www.sana.sy\/es\/?p=82627"},"modified":"2018-05-16T13:37:28","modified_gmt":"2018-05-16T10:37:28","slug":"civiles-reciben-con-jubilo-al-ejercito-en-las-zonas-recien-liberadas-en-homs-y-hama","status":"publish","type":"post","link":"https:\/\/archive.sana.sy\/es\/?p=82627","title":{"rendered":"Civiles reciben con j\u00fabilo al ej\u00e9rcito en las zonas reci\u00e9n liberadas en Homs y Hama"},"content":{"rendered":"<p><span style=\"color: #800000;\">Homs \u2013 Hama, SANA<\/span><\/p>\n<p>Unidades del Ej\u00e9rcito y las Fuerzas de Seguridad Interna se desplegaron en varias localidades y poblados que hab\u00edan sido anunciadas libres del terrorismo en el campo norte de Homs y sur de Hama.<\/p>\n<p>La polic\u00eda iz\u00f3 las banderas nacionales encima de los edificios y sedes gubernamentales en los poblados de Qantara Norte, Qantara Este, Dumeineh Este, Jumaqliyah, Breguet, Aydoun, Tlul Humer, Mazazah y Jamaliyeh, en medio de un ambiente de j\u00fabilo de la poblaci\u00f3n que recibi\u00f3 con alegr\u00eda a los militares y los polic\u00edas sirios.<\/p>\n<p>El reportero se\u00f1al\u00f3 que las personas se reunieron en las entradas a sus pueblos para recibir el ej\u00e9rcito y las fuerzas de seguridad interna antes de izar la bandera nacional en los edificios del gobierno en los pueblos con la participaci\u00f3n de una gran multitud de personas.<\/p>\n<p>En el campo norte de Homs, efectivos de las Fuerzas de Seguridad Interna se desplegaron en los poblados de Ezz Eddin, Salim, Hamrat, Qneitrat, Hamis y Hemimeh despu\u00e9s de la salida de los terroristas de los mismos.<\/p>\n<p>Cientos de civiles se congregaron en las entradas de los poblados para recibir a los uniformados sirios.<\/p>\n<p>El comandante de polic\u00eda en la provincia de Homs, mayor general Khaled Al-Hilal, declar\u00f3 a la prensa la misi\u00f3n de las fuerzas de seguridad interna es mantener la seguridad y el orden, y vigilar la aplicaci\u00f3n de las leyes y el orden p\u00fablico, adem\u00e1s de recibir las quejas de los ciudadanos e instaurar la paz ciudadana.<\/p>\n<p>Agreg\u00f3 que el pr\u00f3ximo paso ser\u00e1 indultar a los armados que depusieron sus armas y se entregaron, y la reanudaci\u00f3n del trabajo de las instituciones estatales.<\/p>\n<p><span style=\"color: #0000ff;\">F. Marouf\/ Dr. A. Shaban<\/span><\/p>\n","protected":false},"excerpt":{"rendered":"<p>Homs \u2013 Hama, SANA Unidades del Ej\u00e9rcito y las Fuerzas de Seguridad Interna se desplegaron en varias localidades y poblados que hab\u00edan sido anunciadas libres del terrorismo en el campo norte de Homs y sur de Hama. La polic\u00eda iz\u00f3 las banderas nacionales encima de los edificios y sedes gubernamentales en los poblados de Qantara &hellip;<\/p>\n","protected":false},"author":1,"featured_media":82628,"comment_status":"closed","ping_status":"closed","sticky":false,"template":"","format":"standard","meta":{"footnotes":""},"categories":[597,573,476,7541],"tags":[12006],"class_list":["post-82627","post","type-post","status-publish","format-standard","has-post-thumbnail","","category-cinta-de-noticias","category-la-realidad-de-los-acontecimientos-en-siria","category-locales","category-ultimas-noticias","tag-civiles-reciben-con-jubilo-al-ejercito-en-las-zonas-recien-liberadas-en-homs-y-hama"],"_links":{"self":[{"href":"https:\/\/archive.sana.sy\/es\/index.php?rest_route=\/wp\/v2\/posts\/82627"}],"collection":[{"href":"https:\/\/archive.sana.sy\/es\/index.php?rest_route=\/wp\/v2\/posts"}],"about":[{"href":"https:\/\/archive.sana.sy\/es\/index.php?rest_route=\/wp\/v2\/types\/post"}],"author":[{"embeddable":true,"href":"https:\/\/archive.sana.sy\/es\/index.php?rest_route=\/wp\/v2\/users\/1"}],"replies":[{"embeddable":true,"href":"https:\/\/archive.sana.sy\/es\/index.php?rest_route=%2Fwp%2Fv2%2Fcomments&post=82627"}],"version-history":[{"count":0,"href":"https:\/\/archive.sana.sy\/es\/index.php?rest_route=\/wp\/v2\/posts\/82627\/revisions"}],"wp:featuredmedia":[{"embeddable":true,"href":"https:\/\/archive.sana.sy\/es\/index.php?rest_route=\/wp\/v2\/media\/82628"}],"wp:attachment":[{"href":"https:\/\/archive.sana.sy\/es\/index.php?rest_route=%2Fwp%2Fv2%2Fmedia&parent=82627"}],"wp:term":[{"taxonomy":"category","embeddable":true,"href":"https:\/\/archive.sana.sy\/es\/index.php?rest_route=%2Fwp%2Fv2%2Fcategories&post=82627"},{"taxonomy":"post_tag","embeddable":true,"href":"https:\/\/archive.sana.sy\/es\/index.php?rest_route=%2Fwp%2Fv2%2Ftags&post=82627"}],"curies":[{"name":"wp","href":"https:\/\/api.w.org\/{rel}","templated":true}]}}