{"id":82635,"date":"2018-05-16T11:45:46","date_gmt":"2018-05-16T08:45:46","guid":{"rendered":"https:\/\/www.sana.sy\/es\/?p=82635"},"modified":"2018-05-16T13:56:21","modified_gmt":"2018-05-16T10:56:21","slug":"reabren-salida-norte-de-damasco-bloqueada-por-el-terrorismo-desde-el-ano-2013","status":"publish","type":"post","link":"https:\/\/archive.sana.sy\/es\/?p=82635","title":{"rendered":"Reabren salida norte de Damasco, bloqueada por el terrorismo desde el a\u00f1o 2013"},"content":{"rendered":"<p><span style=\"color: #800000;\">Damasco-campo, SANA<\/span><\/p>\n<p>La salida norte de Damasco ha sido reabierta ante el tr\u00e1fico p\u00fablico tras ser sometida a obras de rehabilitaci\u00f3n y pavimentaci\u00f3n.<\/p>\n<p>El tramo rehabilitado de la carretera tiene 17 kil\u00f3metros de longitud y se extiende desde la Terminal Nacional de Autobuses en el barrio Abasyeen hasta el puente de Bagdad, en la circunvalaci\u00f3n norte\u00f1a de Damasco.<\/p>\n<p>El Ministro de Transporte, Ing. Ali Hammoud, declar\u00f3 que las obras de rehabilitaci\u00f3n de la carretera iniciaron en las zonas adyacentes a la ciudad de Harasta a principios de abril pasado despu\u00e9s de la salida de los terroristas de la regi\u00f3n de Ghouta Oriental.<\/p>\n<p>Seg\u00fan explic\u00f3 Hamoud, las obras incluyeron la remoci\u00f3n de los escombros, reparar la infraestructura de puentes y tuber\u00edas de desag\u00fce, la pavimentaci\u00f3n de 34 kil\u00f3metros, la rehabilitaci\u00f3n de las aceras, la red de electricidad, adem\u00e1s de la instalaci\u00f3n de se\u00f1ales de tr\u00e1fico.<\/p>\n<p>Cientos de civiles y militares hab\u00edan perdido la vida en esta carretera por disparos de los francotiradores de los grupos terroristas radicales &#8220;Failaq Rahman&#8221; y &#8220;Ej\u00e9rcito del Islam&#8221;. Por ello, la carretera se mantuvo cerrada hasta la liberaci\u00f3n de Ghouta en el pasado mes de abril.<\/p>\n<p><span style=\"color: #0000ff;\">F. Marouf\/ Dr. A. Shaban<\/span><\/p>\n","protected":false},"excerpt":{"rendered":"<p>Damasco-campo, SANA La salida norte de Damasco ha sido reabierta ante el tr\u00e1fico p\u00fablico tras ser sometida a obras de rehabilitaci\u00f3n y pavimentaci\u00f3n. El tramo rehabilitado de la carretera tiene 17 kil\u00f3metros de longitud y se extiende desde la Terminal Nacional de Autobuses en el barrio Abasyeen hasta el puente de Bagdad, en la circunvalaci\u00f3n &hellip;<\/p>\n","protected":false},"author":1,"featured_media":82636,"comment_status":"closed","ping_status":"closed","sticky":false,"template":"","format":"standard","meta":{"footnotes":""},"categories":[597,573,476,7541,1],"tags":[12009],"class_list":["post-82635","post","type-post","status-publish","format-standard","has-post-thumbnail","","category-cinta-de-noticias","category-la-realidad-de-los-acontecimientos-en-siria","category-locales","category-ultimas-noticias","category-news-not-sorted","tag-reabren-salida-norte-de-damasco-bloqueada-por-el-terrorismo-desde-el-ano-2013"],"_links":{"self":[{"href":"https:\/\/archive.sana.sy\/es\/index.php?rest_route=\/wp\/v2\/posts\/82635"}],"collection":[{"href":"https:\/\/archive.sana.sy\/es\/index.php?rest_route=\/wp\/v2\/posts"}],"about":[{"href":"https:\/\/archive.sana.sy\/es\/index.php?rest_route=\/wp\/v2\/types\/post"}],"author":[{"embeddable":true,"href":"https:\/\/archive.sana.sy\/es\/index.php?rest_route=\/wp\/v2\/users\/1"}],"replies":[{"embeddable":true,"href":"https:\/\/archive.sana.sy\/es\/index.php?rest_route=%2Fwp%2Fv2%2Fcomments&post=82635"}],"version-history":[{"count":0,"href":"https:\/\/archive.sana.sy\/es\/index.php?rest_route=\/wp\/v2\/posts\/82635\/revisions"}],"wp:featuredmedia":[{"embeddable":true,"href":"https:\/\/archive.sana.sy\/es\/index.php?rest_route=\/wp\/v2\/media\/82636"}],"wp:attachment":[{"href":"https:\/\/archive.sana.sy\/es\/index.php?rest_route=%2Fwp%2Fv2%2Fmedia&parent=82635"}],"wp:term":[{"taxonomy":"category","embeddable":true,"href":"https:\/\/archive.sana.sy\/es\/index.php?rest_route=%2Fwp%2Fv2%2Fcategories&post=82635"},{"taxonomy":"post_tag","embeddable":true,"href":"https:\/\/archive.sana.sy\/es\/index.php?rest_route=%2Fwp%2Fv2%2Ftags&post=82635"}],"curies":[{"name":"wp","href":"https:\/\/api.w.org\/{rel}","templated":true}]}}