{"id":82638,"date":"2018-05-16T11:48:49","date_gmt":"2018-05-16T08:48:49","guid":{"rendered":"https:\/\/www.sana.sy\/es\/?p=82638"},"modified":"2018-05-16T17:50:28","modified_gmt":"2018-05-16T14:50:28","slug":"dos-civiles-resultan-heridos-en-ataque-con-cohetee-contra-el-centro-de-damasco","status":"publish","type":"post","link":"https:\/\/archive.sana.sy\/es\/?p=82638","title":{"rendered":"Dos muertos y 19 heridos en ataque con cohete contra el centro de Damasco"},"content":{"rendered":"<p><span style=\"color: #800000\">Damasco, SANA<\/span><\/p>\n<p>Dos civiles perdieron la vida y otros 19 resultaron heridos en un ataque terrorista con un cohete contra el centro de la capital.<\/p>\n<p>En un comunicado, la polic\u00eda de Damasco inform\u00f3 que los terroristas del Daesh dispararon desde el distrito de Hayyar Asswad en el sur de Damasco, un cohete que impact\u00f3 en un edificio en la zona de Marjeh en el centro de la capital.<\/p>\n<p>El ataque caus\u00f3 la muerte de dos civiles y heridas a otros 19, adem\u00e1s de provocar da\u00f1os materiales en el lugar.<\/p>\n<p>El pasado d\u00eda nueve de este mes, cuatro civiles perdieron la vida y otros 24 resultaron heridos en ataque terrorista con dos cohetes contra barrios residenciales de la capital Damasco.<\/p>\n<div id='gallery-1' class='gallery galleryid-82638 gallery-columns-3 gallery-size-thumbnail'><figure class='gallery-item'>\n\t\t\t<div class='gallery-icon landscape'>\n\t\t\t\t<a href='https:\/\/archive.sana.sy\/es\/wp-content\/uploads\/2018\/05\/1-3-1.jpg'><img loading=\"lazy\" decoding=\"async\" width=\"150\" height=\"94\" src=\"https:\/\/archive.sana.sy\/es\/wp-content\/uploads\/2018\/05\/1-3-1-150x94.jpg\" class=\"attachment-thumbnail size-thumbnail\" alt=\"\" srcset=\"https:\/\/archive.sana.sy\/es\/wp-content\/uploads\/2018\/05\/1-3-1-150x94.jpg 150w, https:\/\/archive.sana.sy\/es\/wp-content\/uploads\/2018\/05\/1-3-1-300x188.jpg 300w, https:\/\/archive.sana.sy\/es\/wp-content\/uploads\/2018\/05\/1-3-1-768x481.jpg 768w, https:\/\/archive.sana.sy\/es\/wp-content\/uploads\/2018\/05\/1-3-1-1024x641.jpg 1024w, https:\/\/archive.sana.sy\/es\/wp-content\/uploads\/2018\/05\/1-3-1.jpg 1200w\" sizes=\"(max-width: 150px) 100vw, 150px\" \/><\/a>\n\t\t\t<\/div><\/figure><figure class='gallery-item'>\n\t\t\t<div class='gallery-icon landscape'>\n\t\t\t\t<a href='https:\/\/archive.sana.sy\/es\/wp-content\/uploads\/2018\/05\/1-2-1.jpg'><img loading=\"lazy\" decoding=\"async\" width=\"150\" height=\"88\" src=\"https:\/\/archive.sana.sy\/es\/wp-content\/uploads\/2018\/05\/1-2-1-150x88.jpg\" class=\"attachment-thumbnail size-thumbnail\" alt=\"\" srcset=\"https:\/\/archive.sana.sy\/es\/wp-content\/uploads\/2018\/05\/1-2-1-150x88.jpg 150w, https:\/\/archive.sana.sy\/es\/wp-content\/uploads\/2018\/05\/1-2-1-300x176.jpg 300w, https:\/\/archive.sana.sy\/es\/wp-content\/uploads\/2018\/05\/1-2-1-768x451.jpg 768w, https:\/\/archive.sana.sy\/es\/wp-content\/uploads\/2018\/05\/1-2-1-1024x602.jpg 1024w, https:\/\/archive.sana.sy\/es\/wp-content\/uploads\/2018\/05\/1-2-1.jpg 1200w\" sizes=\"(max-width: 150px) 100vw, 150px\" \/><\/a>\n\t\t\t<\/div><\/figure><figure class='gallery-item'>\n\t\t\t<div class='gallery-icon landscape'>\n\t\t\t\t<a href='https:\/\/archive.sana.sy\/es\/wp-content\/uploads\/2018\/05\/Heridos-Marye-2.jpg'><img loading=\"lazy\" decoding=\"async\" width=\"150\" height=\"75\" src=\"https:\/\/archive.sana.sy\/es\/wp-content\/uploads\/2018\/05\/Heridos-Marye-2-150x75.jpg\" class=\"attachment-thumbnail size-thumbnail\" alt=\"\" srcset=\"https:\/\/archive.sana.sy\/es\/wp-content\/uploads\/2018\/05\/Heridos-Marye-2-150x75.jpg 150w, https:\/\/archive.sana.sy\/es\/wp-content\/uploads\/2018\/05\/Heridos-Marye-2-300x150.jpg 300w, https:\/\/archive.sana.sy\/es\/wp-content\/uploads\/2018\/05\/Heridos-Marye-2.jpg 660w\" sizes=\"(max-width: 150px) 100vw, 150px\" \/><\/a>\n\t\t\t<\/div><\/figure><figure class='gallery-item'>\n\t\t\t<div class='gallery-icon landscape'>\n\t\t\t\t<a href='https:\/\/archive.sana.sy\/es\/wp-content\/uploads\/2018\/05\/Heridos-Marye-1.jpg'><img loading=\"lazy\" decoding=\"async\" width=\"150\" height=\"75\" src=\"https:\/\/archive.sana.sy\/es\/wp-content\/uploads\/2018\/05\/Heridos-Marye-1-150x75.jpg\" class=\"attachment-thumbnail size-thumbnail\" alt=\"\" srcset=\"https:\/\/archive.sana.sy\/es\/wp-content\/uploads\/2018\/05\/Heridos-Marye-1-150x75.jpg 150w, https:\/\/archive.sana.sy\/es\/wp-content\/uploads\/2018\/05\/Heridos-Marye-1-300x150.jpg 300w, https:\/\/archive.sana.sy\/es\/wp-content\/uploads\/2018\/05\/Heridos-Marye-1.jpg 660w\" sizes=\"(max-width: 150px) 100vw, 150px\" \/><\/a>\n\t\t\t<\/div><\/figure>\n\t\t<\/div>\n\n<p><span style=\"color: #0000ff\">F. Marouf\/ Dr. A. Shaban<\/span><\/p>\n","protected":false},"excerpt":{"rendered":"<p>Damasco, SANA Dos civiles perdieron la vida y otros 19 resultaron heridos en un ataque terrorista con un cohete contra el centro de la capital. En un comunicado, la polic\u00eda de Damasco inform\u00f3 que los terroristas del Daesh dispararon desde el distrito de Hayyar Asswad en el sur de Damasco, un cohete que impact\u00f3 en &hellip;<\/p>\n","protected":false},"author":1,"featured_media":82674,"comment_status":"closed","ping_status":"closed","sticky":false,"template":"","format":"standard","meta":{"footnotes":""},"categories":[597,573,476,7541],"tags":[],"class_list":["post-82638","post","type-post","status-publish","format-standard","has-post-thumbnail","","category-cinta-de-noticias","category-la-realidad-de-los-acontecimientos-en-siria","category-locales","category-ultimas-noticias"],"_links":{"self":[{"href":"https:\/\/archive.sana.sy\/es\/index.php?rest_route=\/wp\/v2\/posts\/82638"}],"collection":[{"href":"https:\/\/archive.sana.sy\/es\/index.php?rest_route=\/wp\/v2\/posts"}],"about":[{"href":"https:\/\/archive.sana.sy\/es\/index.php?rest_route=\/wp\/v2\/types\/post"}],"author":[{"embeddable":true,"href":"https:\/\/archive.sana.sy\/es\/index.php?rest_route=\/wp\/v2\/users\/1"}],"replies":[{"embeddable":true,"href":"https:\/\/archive.sana.sy\/es\/index.php?rest_route=%2Fwp%2Fv2%2Fcomments&post=82638"}],"version-history":[{"count":0,"href":"https:\/\/archive.sana.sy\/es\/index.php?rest_route=\/wp\/v2\/posts\/82638\/revisions"}],"wp:featuredmedia":[{"embeddable":true,"href":"https:\/\/archive.sana.sy\/es\/index.php?rest_route=\/wp\/v2\/media\/82674"}],"wp:attachment":[{"href":"https:\/\/archive.sana.sy\/es\/index.php?rest_route=%2Fwp%2Fv2%2Fmedia&parent=82638"}],"wp:term":[{"taxonomy":"category","embeddable":true,"href":"https:\/\/archive.sana.sy\/es\/index.php?rest_route=%2Fwp%2Fv2%2Fcategories&post=82638"},{"taxonomy":"post_tag","embeddable":true,"href":"https:\/\/archive.sana.sy\/es\/index.php?rest_route=%2Fwp%2Fv2%2Ftags&post=82638"}],"curies":[{"name":"wp","href":"https:\/\/api.w.org\/{rel}","templated":true}]}}