{"id":82647,"date":"2018-05-16T12:57:04","date_gmt":"2018-05-16T09:57:04","guid":{"rendered":"https:\/\/www.sana.sy\/es\/?p=82647"},"modified":"2018-05-16T19:41:11","modified_gmt":"2018-05-16T16:41:11","slug":"fuerzas-de-seguridad-se-despliegan-en-las-ciudades-de-rastan-y-talbiseh","status":"publish","type":"post","link":"https:\/\/archive.sana.sy\/es\/?p=82647","title":{"rendered":"Fuerzas de seguridad se despliegan en las ciudades de Rastan y Talbiseh"},"content":{"rendered":"<p><span style=\"color: #800000\">Homs, SANA<\/span><\/p>\n<p>Efectivos de las Fuerzas de Seguridad Interna entraron este mi\u00e9rcoles, en la ciudad de Talbiseh y en el municipio de Rast\u00e1n, 20 kil\u00f3metros al norte de la ciudad de Homs en el centro del pa\u00eds.<br \/>\nEn ambas localidades, fue izada la bandera nacional como anuncio de su liberaci\u00f3n de toda presencia terrorista.<\/p>\n<p>Por otro lado, sali\u00f3 este mi\u00e9rcoles el \u00faltimo grupo de terroristas y sus familiares de los campos norte de Homs y sur de Hama.<\/p>\n<p>En la jornada anterior, unidades del Ej\u00e9rcito y las Fuerzas de Seguridad Interna se desplegaron en varias localidades y poblados que hab\u00edan sido anunciadas libres del terrorismo en el campo norte de Homs y sur de Hama.<\/p>\n<p>La polic\u00eda iz\u00f3 las banderas nacionales encima de los edificios y sedes gubernamentales en los poblados de Qantara Norte, Qantara Este, Dumeineh Este, Jumaqliyah, Breguet, Aydoun, Tlul Humer, Mazazah y Jamaliyeh, en medio de un ambiente de j\u00fabilo de la poblaci\u00f3n que recibi\u00f3 con alegr\u00eda a los militares y los polic\u00edas sirios.<\/p>\n<p>En el campo norte de Homs, efectivos de las Fuerzas de Seguridad Interna se desplegaron en los poblados de Ezz Eddin, Salim, Hamrat, Qneitrat, Hamis y Hemimeh despu\u00e9s de la salida de los terroristas de los mismos.<\/p>\n<p>Cientos de civiles se congregaron en las entradas de los poblados para recibir a los uniformados sirios.<\/p>\n<p><span style=\"color: #0000ff\">F. Marouf\/ Dr. A. Shaban<\/span><\/p>\n","protected":false},"excerpt":{"rendered":"<p>Homs, SANA Efectivos de las Fuerzas de Seguridad Interna entraron este mi\u00e9rcoles, en la ciudad de Talbiseh y en el municipio de Rast\u00e1n, 20 kil\u00f3metros al norte de la ciudad de Homs en el centro del pa\u00eds. En ambas localidades, fue izada la bandera nacional como anuncio de su liberaci\u00f3n de toda presencia terrorista. Por &hellip;<\/p>\n","protected":false},"author":1,"featured_media":82648,"comment_status":"closed","ping_status":"closed","sticky":false,"template":"","format":"standard","meta":{"footnotes":""},"categories":[597,573,583,7541],"tags":[12012],"class_list":["post-82647","post","type-post","status-publish","format-standard","has-post-thumbnail","","category-cinta-de-noticias","category-la-realidad-de-los-acontecimientos-en-siria","category-slide","category-ultimas-noticias","tag-fuerzas-de-seguridad-se-despliegan-en-las-ciudades-de-rastan-y-talbiseh"],"_links":{"self":[{"href":"https:\/\/archive.sana.sy\/es\/index.php?rest_route=\/wp\/v2\/posts\/82647"}],"collection":[{"href":"https:\/\/archive.sana.sy\/es\/index.php?rest_route=\/wp\/v2\/posts"}],"about":[{"href":"https:\/\/archive.sana.sy\/es\/index.php?rest_route=\/wp\/v2\/types\/post"}],"author":[{"embeddable":true,"href":"https:\/\/archive.sana.sy\/es\/index.php?rest_route=\/wp\/v2\/users\/1"}],"replies":[{"embeddable":true,"href":"https:\/\/archive.sana.sy\/es\/index.php?rest_route=%2Fwp%2Fv2%2Fcomments&post=82647"}],"version-history":[{"count":0,"href":"https:\/\/archive.sana.sy\/es\/index.php?rest_route=\/wp\/v2\/posts\/82647\/revisions"}],"wp:featuredmedia":[{"embeddable":true,"href":"https:\/\/archive.sana.sy\/es\/index.php?rest_route=\/wp\/v2\/media\/82648"}],"wp:attachment":[{"href":"https:\/\/archive.sana.sy\/es\/index.php?rest_route=%2Fwp%2Fv2%2Fmedia&parent=82647"}],"wp:term":[{"taxonomy":"category","embeddable":true,"href":"https:\/\/archive.sana.sy\/es\/index.php?rest_route=%2Fwp%2Fv2%2Fcategories&post=82647"},{"taxonomy":"post_tag","embeddable":true,"href":"https:\/\/archive.sana.sy\/es\/index.php?rest_route=%2Fwp%2Fv2%2Ftags&post=82647"}],"curies":[{"name":"wp","href":"https:\/\/api.w.org\/{rel}","templated":true}]}}