{"id":82714,"date":"2018-05-17T11:50:13","date_gmt":"2018-05-17T08:50:13","guid":{"rendered":"https:\/\/www.sana.sy\/es\/?p=82714"},"modified":"2023-01-10T15:10:36","modified_gmt":"2023-01-10T13:10:36","slug":"destacadas-noticias-de-la-fase-de-recuperacion-y-reconstruccion-de-siria","status":"publish","type":"post","link":"https:\/\/archive.sana.sy\/es\/?p=82714","title":{"rendered":"Destacadas noticias de la fase de recuperaci\u00f3n y reconstrucci\u00f3n de Siria"},"content":{"rendered":"<p><span style=\"color: #800000;\">Damasco, SANA<\/span><\/p>\n<p>Varios eventos econ\u00f3micos se celebraron en Siria la semana pasada, de los cuales mencionamos:<\/p>\n<p>M\u00e1s de 85 empresas participan en la feria \u201cSyria Food\u201d<\/p>\n<p>M\u00e1s de 85 empresas participan en la Feria de Industrias de Alimentos de Exportaci\u00f3n (Syria Food) que clausur\u00f3 en el Recinto Ferial de Expo-Damasco.<\/p>\n<p>Con una superficie total de 12.000 metros cuadrados, se exhibi\u00f3 en la Feria una amplia gama de alimentos cultivados y producidos localmente.<\/p>\n<p>La Feria que dur\u00f3 una semana es considerada como la m\u00e1s grande e importante de su tipo para la industria alimentaria.<\/p>\n<p>En una declaraci\u00f3n a la prensa, el presidente de la Federaci\u00f3n de Exportadores Sirios, Mohammad Sawah dijo que el sector de la industria alimentaria en Siria ha satisfecho las necesidades locales y ahora busca mercados para la exportaci\u00f3n, teniendo en cuenta la variedad de productos agr\u00edcolas sirios que se encuentran entre los productos m\u00e1s solicitados en todo el mundo.<\/p>\n<p>Agreg\u00f3 que la Feria acogi\u00f3 a cientos de exportadores y empresarios de todo el mundo, incluidos de los pa\u00edses vecinos, Europa, el norte de \u00c1frica y la cuenca del Mediterr\u00e1neo.<\/p>\n<p>La Federaci\u00f3n de Exportadores Sirios organiz\u00f3 la feria \u201cSyria Food\u201d en cooperaci\u00f3n con la C\u00e1mara de Industria de Damasco-Campo con el objetivo de destacar el alto valor agregado, la calidad y la competitividad de los productos alimentarios sirios.<\/p>\n<p>Entregan a 450 establecimientos industriales a sus propietarios en el pol\u00edgono industrial de Qadam<\/p>\n<p>La C\u00e1mara de Industria de Damasco finaliz\u00f3 los tr\u00e1mites de entrega de unos 450 establecimientos industriales a sus propietarios en el pol\u00edgono industrial de Qadam en el sur de Damasco.<\/p>\n<p>El jefe de la C\u00e1mara, Samer Al-Debis, resalt\u00f3 que el gobierno continuar\u00e1 el apoyo a la rehabilitaci\u00f3n de la infraestructura en las zonas industriales liberadas por el Ej\u00e9rcito sirio, con el fin de capacitar a los industriales a reiniciar la producci\u00f3n.<\/p>\n<p>Aclar\u00f3 que la Gobernaci\u00f3n de Damasco comenzar\u00e1 en los pr\u00f3ximos d\u00edas el proceso de levantar los escombros y limpiar la zona para facilitar el paso de veh\u00edculos pesados y la entrada en producci\u00f3n de todos los establecimientos.<\/p>\n<p>Vuelve el suministro de energ\u00eda el\u00e9ctrica a 150 f\u00e1bricas en la zona industrial de Kalasseh en Alepo<\/p>\n<p>Se restableci\u00f3 el servicio de electricidad en el parque industrial de Kalasseh en la ciudad norte\u00f1a de Alepo, donde 150 f\u00e1bricas peque\u00f1as y medianas ser\u00e1n suministradas con energ\u00eda el\u00e9ctrica tras cinco a\u00f1os de interrupci\u00f3n.<\/p>\n<p>El Director General de la Compa\u00f1\u00eda de Electricidad de Alepo, Mohamad Saleh, indic\u00f3 que las obras de rehabilitaci\u00f3n de la red el\u00e9ctrica en la zona de Kalasseh hab\u00edan iniciado hace tres meses, y este jueves se complet\u00f3 la ejecuci\u00f3n de la primera etapa de este proceso al suministrar electricidad a 150 instalaciones industriales a trav\u00e9s de 13 transformadores.<\/p>\n<p>Saleh destac\u00f3 que contin\u00faa el trabajo para devolver el suministro de electricidad a las instalaciones en todas las zonas industriales de Alepo, de acuerdo al plan nacional de apoyar el proceso de producci\u00f3n y la industria nacional.<\/p>\n<p>A su vez, el presidente de la C\u00e1mara de Comercio de Alepo, Fares Shehabi, dijo que la importancia del parque industrial de Kalasseh reside en que el mismo abarca a centenares de talleres y f\u00e1bricas peque\u00f1as y medianas cuya producci\u00f3n ser\u00e1 un importante aporte a la econom\u00eda nacional.<\/p>\n<p>Siria y Jordania abordan v\u00edas de reactivar los lazos econ\u00f3micos<\/p>\n<p>El Presidente de la Federaci\u00f3n de Exportadores Sirios, Mohammed Sawah, abord\u00f3 con una delegaci\u00f3n jordana compuesta por varias figuras comerciantes e industriales encabezadas por Adnan Abu Ragheb, Presidente de la C\u00e1mara de Industria de Jordania, las relaciones comerciales entre Siria y Jordania.<\/p>\n<p>Los reunidos examinaron la activaci\u00f3n de los memorandos de entendimiento firmados entre las dos partes y la apertura de los cruces fronterizos.<\/p>\n<p>Los integrantes de la delegaci\u00f3n jordana destacaron la necesidad de que las relaciones comerciales entre los dos pa\u00edses vuelvan a la normalidad y tambi\u00e9n devolver el tr\u00e1nsito de mercanc\u00edas jordanas al L\u00edbano a trav\u00e9s del territorio de Siria.<\/p>\n<p>Expresaron que el cierre de los pasos fronterizos caus\u00f3 una disminuci\u00f3n en el valor de las exportaciones jordanas debido a los altos costos del transporte.<\/p>\n<p>A su vez, el jefe de la delegaci\u00f3n jordana subray\u00f3 que la guerra contra Siria afect\u00f3 negativamente la econom\u00eda jordana porque Siria es la puerta de Jordania a Europa, y tambi\u00e9n porque las exportaciones sirias satisfac\u00edan las necesidades del mercado jordano de algunos productos b\u00e1sicos.<\/p>\n<p>Por su parte, Sawah se\u00f1al\u00f3 que Siria comenz\u00f3 a recuperarse y hay planes de inversi\u00f3n en todas las \u00e1reas, a\u00f1adiendo que la Federaci\u00f3n de Exportadores de Siria busca activar sus relaciones con Jordania para reactivar el intercambio comercial entre los dos pa\u00edses.<\/p>\n<p>Ministro de Cultura: Siria coordina con el Interpol para recuperar las piezas arqueol\u00f3gicas contrabandeadas por los terroristas<\/p>\n<p>El ministro de Cultura, Mohamad Al-Ahmad, afirm\u00f3 que Siria ha recuperado algunas piezas arqueol\u00f3gicas sacadas al extranjero, y manifest\u00f3 que se trabaja actualmente con los organismos internacionales competentes como el Interpol para tomar las medidas necesarias para devolver todas las reliquias contrabandeadas fuera de Siria.<\/p>\n<p>Estas declaraciones fueron emitidas por el titular de Cultura durante una sesi\u00f3n del Parlamento sirio, en la cual anunci\u00f3 tambi\u00e9n que su ministerio planifica realizar varios proyectos, entre ellos el Instituto Superior de Cine.<\/p>\n<p>Se\u00f1al\u00f3 que se trabaja actualmente para restaurar las antig\u00fcedades afectadas por los actos terroristas, sobre todo en Alepo y Palmira, agregando que el Centro Cultural de Dumar (suburbio de Damasco) se ha transformado a una mini \u00f3pera que abarca donde caben 4.000 mil personas.<\/p>\n<p>Primera edici\u00f3n de la Feria Internacional de Alepo cosecha gran \u00e9xito<\/p>\n<p>La primera edici\u00f3n de la Feria Internacional de Alepo sigue contando con una gran afluencia de participantes en el cuarto d\u00eda de su inauguraci\u00f3n.<\/p>\n<p>En este evento econ\u00f3mico participan 400 empresas y bancos locales y extranjeros, y embajadas con alta representaci\u00f3n diplom\u00e1tica, as\u00ed como se exhiben productos agro-alimentarios, textiles, tecnol\u00f3gicos y de artesan\u00eda.<\/p>\n<p>La feria demuestra la recuperaci\u00f3n de Alepo del terrorismo y su determinaci\u00f3n de iniciar los procesos de reconstrucci\u00f3n y producci\u00f3n.<\/p>\n<p>El embajador de Venezuela ante Siria, Imad Saab, destac\u00f3 que la participaci\u00f3n de su pa\u00eds en este evento viene para reiterar la solidaridad del pa\u00eds bolivariano con Siria, sobre todo con la recuperaci\u00f3n de Alepo.<\/p>\n<p>Calific\u00f3 de \u201cexitosa\u201d la primera edici\u00f3n de la feria, expresando su disposici\u00f3n de participar en futuras ediciones de la misma.<\/p>\n<p>Se\u00f1al\u00f3 que \u00e9l y otros integrantes de la misi\u00f3n diplom\u00e1tica venezolana realizaron varias giras en Alepo donde pudo percibir la determinaci\u00f3n de sus habitantes de seguir adelante a pesar de todas las tragedias que sufri\u00f3 su ciudad a manos de los terroristas.<\/p>\n<p><span style=\"color: #0000ff;\">F. Marouf\/ Dr. A. Shaban<\/span><\/p>\n","protected":false},"excerpt":{"rendered":"<p>Damasco, SANA Varios eventos econ\u00f3micos se celebraron en Siria la semana pasada, de los cuales mencionamos: M\u00e1s de 85 empresas participan en la feria \u201cSyria Food\u201d M\u00e1s de 85 empresas participan en la Feria de Industrias de Alimentos de Exportaci\u00f3n (Syria Food) que clausur\u00f3 en el Recinto Ferial de Expo-Damasco. Con una superficie total de &hellip;<\/p>\n","protected":false},"author":1,"featured_media":82450,"comment_status":"closed","ping_status":"closed","sticky":false,"template":"","format":"standard","meta":{"footnotes":""},"categories":[597,485,476,583,7541],"tags":[12015],"class_list":["post-82714","post","type-post","status-publish","format-standard","has-post-thumbnail","","category-cinta-de-noticias","category-informes-negocios-y-finanzas","category-locales","category-slide","category-ultimas-noticias","tag-destacadas-noticias-de-la-fase-de-recuperacion-y-reconstruccion-de-siria"],"_links":{"self":[{"href":"https:\/\/archive.sana.sy\/es\/index.php?rest_route=\/wp\/v2\/posts\/82714"}],"collection":[{"href":"https:\/\/archive.sana.sy\/es\/index.php?rest_route=\/wp\/v2\/posts"}],"about":[{"href":"https:\/\/archive.sana.sy\/es\/index.php?rest_route=\/wp\/v2\/types\/post"}],"author":[{"embeddable":true,"href":"https:\/\/archive.sana.sy\/es\/index.php?rest_route=\/wp\/v2\/users\/1"}],"replies":[{"embeddable":true,"href":"https:\/\/archive.sana.sy\/es\/index.php?rest_route=%2Fwp%2Fv2%2Fcomments&post=82714"}],"version-history":[{"count":0,"href":"https:\/\/archive.sana.sy\/es\/index.php?rest_route=\/wp\/v2\/posts\/82714\/revisions"}],"wp:featuredmedia":[{"embeddable":true,"href":"https:\/\/archive.sana.sy\/es\/index.php?rest_route=\/wp\/v2\/media\/82450"}],"wp:attachment":[{"href":"https:\/\/archive.sana.sy\/es\/index.php?rest_route=%2Fwp%2Fv2%2Fmedia&parent=82714"}],"wp:term":[{"taxonomy":"category","embeddable":true,"href":"https:\/\/archive.sana.sy\/es\/index.php?rest_route=%2Fwp%2Fv2%2Fcategories&post=82714"},{"taxonomy":"post_tag","embeddable":true,"href":"https:\/\/archive.sana.sy\/es\/index.php?rest_route=%2Fwp%2Fv2%2Ftags&post=82714"}],"curies":[{"name":"wp","href":"https:\/\/api.w.org\/{rel}","templated":true}]}}