{"id":82717,"date":"2018-05-17T17:17:38","date_gmt":"2018-05-17T14:17:38","guid":{"rendered":"https:\/\/www.sana.sy\/es\/?p=82717"},"modified":"2023-01-10T15:16:34","modified_gmt":"2023-01-10T13:16:34","slug":"siria-e-iran-abordan-cooperacion-bilateral-en-materia-de-construccion","status":"publish","type":"post","link":"https:\/\/archive.sana.sy\/es\/?p=82717","title":{"rendered":"Siria e Ir\u00e1n abordan cooperaci\u00f3n bilateral en materia de construcci\u00f3n"},"content":{"rendered":"<p><span style=\"color: #800000\">Damasco, SANA<\/span><\/p>\n<p>El ministro de Obras P\u00fablicas y Viviendas, Hossein Arnous, se reuni\u00f3 este mi\u00e9rcoles con Abbas Akhoundi, ministro de Carreteras y Desarrollo Urbano, presidente de la Comisi\u00f3n Econ\u00f3mica Ministerial Sirio-Iran\u00ed mixta, donde abord\u00f3 con la parte iran\u00ed la cooperaci\u00f3n binacional en materia de la reconstrucci\u00f3n de Siria.<\/p>\n<p>El ministro persa expres\u00f3 el apoyo de su pa\u00eds a Siria en todos los \u00e1mbitos y su disposici\u00f3n a reconstruirla y desarrollar sus urbanizaciones, puesto que Ir\u00e1n posee experiencias suficientes en el \u00e1mbito de la construcci\u00f3n de edificios, carreteras y puentes.<\/p>\n<p>Asimismo llam\u00f3 la parte siria a realizar consultas bilaterales y proponer proyectos en relaci\u00f3n con los sectores de viviendas e infraestructura.<\/p>\n<p>Por su parte, el ministro Arnous resalt\u00f3 la importancia de desarrollar la labor binacional en los sectores de obras p\u00fablicas, viviendas y carreteras, y destac\u00f3 que su Ministerio est\u00e1 reconsiderando los planes urban\u00edsticos de las ciudades y localidades destruidas por el terrorismo. Asimismo hizo alusi\u00f3n a la necesidad de su ministerio a m\u00e1quinas de ingenier\u00eda.<\/p>\n<p>&nbsp;<\/p>\n<p>Lynn A.<\/p>\n","protected":false},"excerpt":{"rendered":"<p>Damasco, SANA El ministro de Obras P\u00fablicas y Viviendas, Hossein Arnous, se reuni\u00f3 este mi\u00e9rcoles con Abbas Akhoundi, ministro de Carreteras y Desarrollo Urbano, presidente de la Comisi\u00f3n Econ\u00f3mica Ministerial Sirio-Iran\u00ed mixta, donde abord\u00f3 con la parte iran\u00ed la cooperaci\u00f3n binacional en materia de la reconstrucci\u00f3n de Siria. El ministro persa expres\u00f3 el apoyo de &hellip;<\/p>\n","protected":false},"author":24,"featured_media":82718,"comment_status":"closed","ping_status":"closed","sticky":false,"template":"","format":"standard","meta":{"footnotes":""},"categories":[597,485,7541],"tags":[],"class_list":["post-82717","post","type-post","status-publish","format-standard","has-post-thumbnail","","category-cinta-de-noticias","category-informes-negocios-y-finanzas","category-ultimas-noticias"],"_links":{"self":[{"href":"https:\/\/archive.sana.sy\/es\/index.php?rest_route=\/wp\/v2\/posts\/82717"}],"collection":[{"href":"https:\/\/archive.sana.sy\/es\/index.php?rest_route=\/wp\/v2\/posts"}],"about":[{"href":"https:\/\/archive.sana.sy\/es\/index.php?rest_route=\/wp\/v2\/types\/post"}],"author":[{"embeddable":true,"href":"https:\/\/archive.sana.sy\/es\/index.php?rest_route=\/wp\/v2\/users\/24"}],"replies":[{"embeddable":true,"href":"https:\/\/archive.sana.sy\/es\/index.php?rest_route=%2Fwp%2Fv2%2Fcomments&post=82717"}],"version-history":[{"count":0,"href":"https:\/\/archive.sana.sy\/es\/index.php?rest_route=\/wp\/v2\/posts\/82717\/revisions"}],"wp:featuredmedia":[{"embeddable":true,"href":"https:\/\/archive.sana.sy\/es\/index.php?rest_route=\/wp\/v2\/media\/82718"}],"wp:attachment":[{"href":"https:\/\/archive.sana.sy\/es\/index.php?rest_route=%2Fwp%2Fv2%2Fmedia&parent=82717"}],"wp:term":[{"taxonomy":"category","embeddable":true,"href":"https:\/\/archive.sana.sy\/es\/index.php?rest_route=%2Fwp%2Fv2%2Fcategories&post=82717"},{"taxonomy":"post_tag","embeddable":true,"href":"https:\/\/archive.sana.sy\/es\/index.php?rest_route=%2Fwp%2Fv2%2Ftags&post=82717"}],"curies":[{"name":"wp","href":"https:\/\/api.w.org\/{rel}","templated":true}]}}