{"id":82721,"date":"2018-05-17T17:39:05","date_gmt":"2018-05-17T14:39:05","guid":{"rendered":"https:\/\/www.sana.sy\/es\/?p=82721"},"modified":"2018-05-17T17:39:05","modified_gmt":"2018-05-17T14:39:05","slug":"ejercito-logra-nuevos-avances-en-el-barrio-de-hayar-al-aswad","status":"publish","type":"post","link":"https:\/\/archive.sana.sy\/es\/?p=82721","title":{"rendered":"Ej\u00e9rcito logra nuevos avances en el barrio de Hayar al Aswad"},"content":{"rendered":"<p><span style=\"color: #800000\">Damasco-campo, SANA<\/span><\/p>\n<p>El Ej\u00e9rcito sirio apoyado por la aviaci\u00f3n militar y la artiller\u00eda ha logrado este jueves nuevos avances en el barrio de Hayar al Aswad situado en el sur de la capital Damasco.<\/p>\n<p>El reportero de SANA destac\u00f3 que unidades castrenses sirias siguen apretando el cerco a los terroristas al retomar el control de nuevos bloques de edificios en los extremos norte y noroeste del barrio de Hayar al Aswad.<\/p>\n<p>Durante los \u00faltimos d\u00edas, el Ej\u00e9rcito sirio ha ampliado su dominio en el referido barrio, donde pudo alcanzar la encrucijada del barrio de al Yazira y se asentaron en nuevos puntos en los edificios de la calle de Deir Yasin en los extremos noroeste del referido barrio.<\/p>\n<p>Lynn A.<\/p>\n","protected":false},"excerpt":{"rendered":"<p>Damasco-campo, SANA El Ej\u00e9rcito sirio apoyado por la aviaci\u00f3n militar y la artiller\u00eda ha logrado este jueves nuevos avances en el barrio de Hayar al Aswad situado en el sur de la capital Damasco. El reportero de SANA destac\u00f3 que unidades castrenses sirias siguen apretando el cerco a los terroristas al retomar el control de &hellip;<\/p>\n","protected":false},"author":24,"featured_media":82722,"comment_status":"closed","ping_status":"closed","sticky":false,"template":"","format":"standard","meta":{"footnotes":""},"categories":[597,573,7541],"tags":[],"class_list":["post-82721","post","type-post","status-publish","format-standard","has-post-thumbnail","","category-cinta-de-noticias","category-la-realidad-de-los-acontecimientos-en-siria","category-ultimas-noticias"],"_links":{"self":[{"href":"https:\/\/archive.sana.sy\/es\/index.php?rest_route=\/wp\/v2\/posts\/82721"}],"collection":[{"href":"https:\/\/archive.sana.sy\/es\/index.php?rest_route=\/wp\/v2\/posts"}],"about":[{"href":"https:\/\/archive.sana.sy\/es\/index.php?rest_route=\/wp\/v2\/types\/post"}],"author":[{"embeddable":true,"href":"https:\/\/archive.sana.sy\/es\/index.php?rest_route=\/wp\/v2\/users\/24"}],"replies":[{"embeddable":true,"href":"https:\/\/archive.sana.sy\/es\/index.php?rest_route=%2Fwp%2Fv2%2Fcomments&post=82721"}],"version-history":[{"count":0,"href":"https:\/\/archive.sana.sy\/es\/index.php?rest_route=\/wp\/v2\/posts\/82721\/revisions"}],"wp:featuredmedia":[{"embeddable":true,"href":"https:\/\/archive.sana.sy\/es\/index.php?rest_route=\/wp\/v2\/media\/82722"}],"wp:attachment":[{"href":"https:\/\/archive.sana.sy\/es\/index.php?rest_route=%2Fwp%2Fv2%2Fmedia&parent=82721"}],"wp:term":[{"taxonomy":"category","embeddable":true,"href":"https:\/\/archive.sana.sy\/es\/index.php?rest_route=%2Fwp%2Fv2%2Fcategories&post=82721"},{"taxonomy":"post_tag","embeddable":true,"href":"https:\/\/archive.sana.sy\/es\/index.php?rest_route=%2Fwp%2Fv2%2Ftags&post=82721"}],"curies":[{"name":"wp","href":"https:\/\/api.w.org\/{rel}","templated":true}]}}