{"id":82731,"date":"2018-05-17T19:23:12","date_gmt":"2018-05-17T16:23:12","guid":{"rendered":"https:\/\/www.sana.sy\/es\/?p=82731"},"modified":"2023-01-10T15:16:34","modified_gmt":"2023-01-10T13:16:34","slug":"khamis-debate-con-ministro-de-carreteas-y-desarrollo-urbano-de-iran-vias-de-consolidar-relaciones-economicas-y-comerciales","status":"publish","type":"post","link":"https:\/\/archive.sana.sy\/es\/?p=82731","title":{"rendered":"Khamis debate con Ministro de Carreteas y Desarrollo Urbano de Ir\u00e1n v\u00edas de consolidar relaciones econ\u00f3micas y comerciales"},"content":{"rendered":"<p><span style=\"color: #800000\">Damasco, SANA<\/span><\/p>\n<p>El primer ministro, Imad Khamis, abord\u00f3 este jueves con Abbas Akhoundi, ministro de Carreteras y Desarrollo Urbano, presidente de la Comisi\u00f3n Econ\u00f3mica Ministerial Sirio-Iran\u00ed mixta las v\u00edas de promover la cooperaci\u00f3n econ\u00f3mica, reactivar los acuerdos firmados y rubricar otros nuevos en materia de tr\u00e1nsito, bancos, finanza, seguros y reconstrucci\u00f3n.<\/p>\n<p>El jefe del gabinete sirio expres\u00f3 que Siria da la bienvenida a los empresarios e inversionistas iran\u00edes que desean participar en el proceso de reconstrucci\u00f3n, subrayando que el gobierno sirio est\u00e1 dispuesto a ofrecer todas las facilidades y allanar los obst\u00e1culos ante las empresas iran\u00edes.<\/p>\n<p>Resalt\u00f3 que trabajar de acuerdo con el principio del libre comercio es una de las prioridades del gobierno sirio, recalcando el inter\u00e9s de Siria en desarrollar las relaciones econ\u00f3micas con ambos sectores, privado y p\u00fablico de Ir\u00e1n.<\/p>\n<p>Por su parte, Akhoundi llam\u00f3 a elaborar un plan real para ejecutar el programa rubricado por ambas partes, modificar algunas leyes, y crear un comit\u00e9 encargado de dar seguimiento y controlar la implementaci\u00f3n de los acuerdos a largo plazo.<\/p>\n<p>Asimismo hizo hincapi\u00e9 en la necesidad de apoyar la asociaci\u00f3n entre las compa\u00f1\u00edas sirias e iran\u00edes, y la cooperaci\u00f3n entre los bancos de ambos pa\u00edses, reiterando la disposici\u00f3n de los sectores iran\u00edes, tanto privados como p\u00fablicos en formar parte de la reconstrucci\u00f3n de Siria.<\/p>\n<p>En el mismo contexto, el ministro de Econom\u00eda y Comercio Exterior, Dr. Samer Khalil, examin\u00f3 con el ministro iran\u00ed la ejecuci\u00f3n del acuerdo del libre comercio, la reactivaci\u00f3n del comercio exterior y las zonas libres, as\u00ed como la posibilidad de realizar una inversi\u00f3n conjunta de la zona libre de la ciudad industrial de Hissiyaa.<\/p>\n<p>A su vez, los comit\u00e9s t\u00e9cnicos encargados de implementar el acuerdo de cooperaci\u00f3n firmado entre Siria e Ir\u00e1n examinaron en la sede de la presidencia del gabinete los mecanismos necesarios para llevar a la pr\u00e1ctica los acuerdos y los memor\u00e1ndum de entendimiento seg\u00fan un cronograma fijo, as\u00ed como las v\u00edas de allanar los obst\u00e1culos ante el arranque de los proyectos contemplados en dichos acuerdos.<\/p>\n<p>Los comit\u00e9s pasaron revista a la labor en todos los aspectos econ\u00f3micos, comerciales, bancarios y de inversi\u00f3n y reconstrucci\u00f3n.<\/p>\n<p>Lynn A.<\/p>\n","protected":false},"excerpt":{"rendered":"<p>Damasco, SANA El primer ministro, Imad Khamis, abord\u00f3 este jueves con Abbas Akhoundi, ministro de Carreteras y Desarrollo Urbano, presidente de la Comisi\u00f3n Econ\u00f3mica Ministerial Sirio-Iran\u00ed mixta las v\u00edas de promover la cooperaci\u00f3n econ\u00f3mica, reactivar los acuerdos firmados y rubricar otros nuevos en materia de tr\u00e1nsito, bancos, finanza, seguros y reconstrucci\u00f3n. El jefe del gabinete &hellip;<\/p>\n","protected":false},"author":24,"featured_media":82732,"comment_status":"closed","ping_status":"closed","sticky":false,"template":"","format":"standard","meta":{"footnotes":""},"categories":[597,485,583],"tags":[],"class_list":["post-82731","post","type-post","status-publish","format-standard","has-post-thumbnail","","category-cinta-de-noticias","category-informes-negocios-y-finanzas","category-slide"],"_links":{"self":[{"href":"https:\/\/archive.sana.sy\/es\/index.php?rest_route=\/wp\/v2\/posts\/82731"}],"collection":[{"href":"https:\/\/archive.sana.sy\/es\/index.php?rest_route=\/wp\/v2\/posts"}],"about":[{"href":"https:\/\/archive.sana.sy\/es\/index.php?rest_route=\/wp\/v2\/types\/post"}],"author":[{"embeddable":true,"href":"https:\/\/archive.sana.sy\/es\/index.php?rest_route=\/wp\/v2\/users\/24"}],"replies":[{"embeddable":true,"href":"https:\/\/archive.sana.sy\/es\/index.php?rest_route=%2Fwp%2Fv2%2Fcomments&post=82731"}],"version-history":[{"count":0,"href":"https:\/\/archive.sana.sy\/es\/index.php?rest_route=\/wp\/v2\/posts\/82731\/revisions"}],"wp:featuredmedia":[{"embeddable":true,"href":"https:\/\/archive.sana.sy\/es\/index.php?rest_route=\/wp\/v2\/media\/82732"}],"wp:attachment":[{"href":"https:\/\/archive.sana.sy\/es\/index.php?rest_route=%2Fwp%2Fv2%2Fmedia&parent=82731"}],"wp:term":[{"taxonomy":"category","embeddable":true,"href":"https:\/\/archive.sana.sy\/es\/index.php?rest_route=%2Fwp%2Fv2%2Fcategories&post=82731"},{"taxonomy":"post_tag","embeddable":true,"href":"https:\/\/archive.sana.sy\/es\/index.php?rest_route=%2Fwp%2Fv2%2Ftags&post=82731"}],"curies":[{"name":"wp","href":"https:\/\/api.w.org\/{rel}","templated":true}]}}