{"id":82754,"date":"2018-05-18T12:49:02","date_gmt":"2018-05-18T09:49:02","guid":{"rendered":"https:\/\/www.sana.sy\/es\/?p=82754"},"modified":"2018-05-18T12:49:02","modified_gmt":"2018-05-18T09:49:02","slug":"al-karad-gana-una-medalla-de-bronce-en-el-campeonato-mundial-militar-de-lucha","status":"publish","type":"post","link":"https:\/\/archive.sana.sy\/es\/?p=82754","title":{"rendered":"Al Karad gana una medalla de bronce en el Campeonato Mundial Militar de Lucha"},"content":{"rendered":"<p>&nbsp;<\/p>\n<p><span style=\"color: #800000;\">Mosc\u00fa-SANA<\/span><\/p>\n<p>El luchador sirio, Raja al Karad, gan\u00f3 una medalla de bronce en la categor\u00eda de de 125 kg de peso en el Campeonato Mundial Militar celebrado en la capital rusa, Mosc\u00fa.<\/p>\n<p>El jefe de la Federaci\u00f3n de Lucha, Ahmed Joumha, dijo que al Karad es uno de los mejores luchadores actualmente, sobre todo en las competiciones contra campeones del mundo, y esta gesta es una prueba del auge de la lucha siria a nivel mundial.<\/p>\n<p><span style=\"color: #0000ff;\">Akram. S<\/span><\/p>\n","protected":false},"excerpt":{"rendered":"<p>&nbsp; Mosc\u00fa-SANA El luchador sirio, Raja al Karad, gan\u00f3 una medalla de bronce en la categor\u00eda de de 125 kg de peso en el Campeonato Mundial Militar celebrado en la capital rusa, Mosc\u00fa. El jefe de la Federaci\u00f3n de Lucha, Ahmed Joumha, dijo que al Karad es uno de los mejores luchadores actualmente, sobre todo &hellip;<\/p>\n","protected":false},"author":1,"featured_media":82755,"comment_status":"closed","ping_status":"closed","sticky":false,"template":"","format":"standard","meta":{"footnotes":""},"categories":[597,494,7541],"tags":[],"class_list":["post-82754","post","type-post","status-publish","format-standard","has-post-thumbnail","","category-cinta-de-noticias","category-deportes","category-ultimas-noticias"],"_links":{"self":[{"href":"https:\/\/archive.sana.sy\/es\/index.php?rest_route=\/wp\/v2\/posts\/82754"}],"collection":[{"href":"https:\/\/archive.sana.sy\/es\/index.php?rest_route=\/wp\/v2\/posts"}],"about":[{"href":"https:\/\/archive.sana.sy\/es\/index.php?rest_route=\/wp\/v2\/types\/post"}],"author":[{"embeddable":true,"href":"https:\/\/archive.sana.sy\/es\/index.php?rest_route=\/wp\/v2\/users\/1"}],"replies":[{"embeddable":true,"href":"https:\/\/archive.sana.sy\/es\/index.php?rest_route=%2Fwp%2Fv2%2Fcomments&post=82754"}],"version-history":[{"count":0,"href":"https:\/\/archive.sana.sy\/es\/index.php?rest_route=\/wp\/v2\/posts\/82754\/revisions"}],"wp:featuredmedia":[{"embeddable":true,"href":"https:\/\/archive.sana.sy\/es\/index.php?rest_route=\/wp\/v2\/media\/82755"}],"wp:attachment":[{"href":"https:\/\/archive.sana.sy\/es\/index.php?rest_route=%2Fwp%2Fv2%2Fmedia&parent=82754"}],"wp:term":[{"taxonomy":"category","embeddable":true,"href":"https:\/\/archive.sana.sy\/es\/index.php?rest_route=%2Fwp%2Fv2%2Fcategories&post=82754"},{"taxonomy":"post_tag","embeddable":true,"href":"https:\/\/archive.sana.sy\/es\/index.php?rest_route=%2Fwp%2Fv2%2Ftags&post=82754"}],"curies":[{"name":"wp","href":"https:\/\/api.w.org\/{rel}","templated":true}]}}