{"id":82763,"date":"2018-05-18T13:47:02","date_gmt":"2018-05-18T10:47:02","guid":{"rendered":"https:\/\/www.sana.sy\/es\/?p=82763"},"modified":"2019-09-10T12:20:16","modified_gmt":"2019-09-10T09:20:16","slug":"el-presidente-al-assad-subraya-la-importancia-de-fortalecer-la-cooperacion-economica-para-enfrentarse-a-los-proyectos-occidentales","status":"publish","type":"post","link":"https:\/\/archive.sana.sy\/es\/?p=82763","title":{"rendered":"El presidente al Assad subraya la importancia de la cooperaci\u00f3n econ\u00f3mica para enfrentarse a proyectos occidentales"},"content":{"rendered":"<p>&nbsp;<\/p>\n<p><span style=\"color: #800000;\">Damasco-SANA<\/span><\/p>\n<p>El presidente Bashar al Assad recibi\u00f3 al ministro de Carreteras y Desarrollo Urbano iran\u00ed Abbas Akhoundi y la delegaci\u00f3n acompa\u00f1ante.<\/p>\n<p>En el encuentro se habl\u00f3 sobre los lazos fraternos entre Siria e Ir\u00e1n, en particular, sobre las relaciones econ\u00f3micas y el deseo de los dos pa\u00edses de fortalecer y desarrollar las relaciones a nivel pol\u00edtico y militar.<\/p>\n<p>El presidente al Assad se\u00f1al\u00f3 que el fortalecimiento de la cooperaci\u00f3n econ\u00f3mica entre Siria y todos los pa\u00edses que defienden su soberan\u00eda es una de las v\u00edas m\u00e1s importantes para enfrentarse a los proyectos occidentales que usan las sanciones y las medidas econ\u00f3micas coercitivas para someter a los pueblos a las pol\u00edticas de hegemon\u00eda occidental.<\/p>\n<p>Por su parte, Akhouandi felicit\u00f3 al presidente al Assad y al pueblo sirio por las continuas victorias del Ej\u00e9rcito sirio en su lucha contra el terrorismo, y confirm\u00f3 el apoyo de su pa\u00eds a Siria en todos los \u00e1mbitos.<\/p>\n<p><span style=\"color: #0000ff;\">Akram. S<\/span><\/p>\n","protected":false},"excerpt":{"rendered":"<p>&nbsp; Damasco-SANA El presidente Bashar al Assad recibi\u00f3 al ministro de Carreteras y Desarrollo Urbano iran\u00ed Abbas Akhoundi y la delegaci\u00f3n acompa\u00f1ante. En el encuentro se habl\u00f3 sobre los lazos fraternos entre Siria e Ir\u00e1n, en particular, sobre las relaciones econ\u00f3micas y el deseo de los dos pa\u00edses de fortalecer y desarrollar las relaciones a &hellip;<\/p>\n","protected":false},"author":1,"featured_media":82764,"comment_status":"closed","ping_status":"closed","sticky":false,"template":"","format":"standard","meta":{"footnotes":""},"categories":[597,16237,467,583,7541],"tags":[],"class_list":["post-82763","post","type-post","status-publish","format-standard","has-post-thumbnail","","category-cinta-de-noticias","category-presidence-de-la-republique-arabe-syria","category-siria-y-el-mundo","category-slide","category-ultimas-noticias"],"_links":{"self":[{"href":"https:\/\/archive.sana.sy\/es\/index.php?rest_route=\/wp\/v2\/posts\/82763"}],"collection":[{"href":"https:\/\/archive.sana.sy\/es\/index.php?rest_route=\/wp\/v2\/posts"}],"about":[{"href":"https:\/\/archive.sana.sy\/es\/index.php?rest_route=\/wp\/v2\/types\/post"}],"author":[{"embeddable":true,"href":"https:\/\/archive.sana.sy\/es\/index.php?rest_route=\/wp\/v2\/users\/1"}],"replies":[{"embeddable":true,"href":"https:\/\/archive.sana.sy\/es\/index.php?rest_route=%2Fwp%2Fv2%2Fcomments&post=82763"}],"version-history":[{"count":0,"href":"https:\/\/archive.sana.sy\/es\/index.php?rest_route=\/wp\/v2\/posts\/82763\/revisions"}],"wp:featuredmedia":[{"embeddable":true,"href":"https:\/\/archive.sana.sy\/es\/index.php?rest_route=\/wp\/v2\/media\/82764"}],"wp:attachment":[{"href":"https:\/\/archive.sana.sy\/es\/index.php?rest_route=%2Fwp%2Fv2%2Fmedia&parent=82763"}],"wp:term":[{"taxonomy":"category","embeddable":true,"href":"https:\/\/archive.sana.sy\/es\/index.php?rest_route=%2Fwp%2Fv2%2Fcategories&post=82763"},{"taxonomy":"post_tag","embeddable":true,"href":"https:\/\/archive.sana.sy\/es\/index.php?rest_route=%2Fwp%2Fv2%2Ftags&post=82763"}],"curies":[{"name":"wp","href":"https:\/\/api.w.org\/{rel}","templated":true}]}}