{"id":82777,"date":"2018-05-18T12:45:39","date_gmt":"2018-05-18T09:45:39","guid":{"rendered":"https:\/\/www.sana.sy\/es\/?p=82777"},"modified":"2018-05-18T16:56:46","modified_gmt":"2018-05-18T13:56:46","slug":"contraste-o-discrepancia-un-cortometraje-que-habla-de-los-efectos-de-la-guerra-terrorista-en-el-arte","status":"publish","type":"post","link":"https:\/\/archive.sana.sy\/es\/?p=82777","title":{"rendered":"\u201cContraste o Discrepancia\u201d, un cortometraje que habla de los efectos de la guerra terrorista en el arte"},"content":{"rendered":"<p>&nbsp;<\/p>\n<p><span style=\"color: #800000;\">Hama-SANA<\/span><\/p>\n<p>El fot\u00f3grafo sirio Ali Mansour trat\u00f3 a trav\u00e9s de su cortometraje titulado \u201cContrate o Discrepancia\u201d dar una idea sobre el impacto de la guerra en el arte.<\/p>\n<p>Mansour dijo que la idea fue por una iniciativa propia y por un sentimiento de responsabilidad, adem\u00e1s por las presiones que los artistas j\u00f3venes viven, y su efecto en el arte, y aludi\u00f3 a que la idea est\u00e1 inspirada de la realidad vivida a diario y de los efectos de la guerra.<\/p>\n<p>En su cortometraje, Mansour arroj\u00f3 luz sobre dos tipos de arte, la fotograf\u00eda y la m\u00fasica, que tanto los ama y que sufrieron el impacto de la guerra.<\/p>\n<p><span style=\"color: #0000ff;\">Akram. S<\/span><\/p>\n<p><img loading=\"lazy\" decoding=\"async\" class=\"alignnone  wp-image-82783\" src=\"https:\/\/www.sana.sy\/es\/wp-content\/uploads\/2018\/05\/7-107-300x150-300x150.jpg\" alt=\"\" width=\"238\" height=\"119\" srcset=\"https:\/\/archive.sana.sy\/es\/wp-content\/uploads\/2018\/05\/7-107-300x150.jpg 300w, https:\/\/archive.sana.sy\/es\/wp-content\/uploads\/2018\/05\/7-107-300x150-150x75.jpg 150w\" sizes=\"(max-width: 238px) 100vw, 238px\" \/> <img loading=\"lazy\" decoding=\"async\" class=\"alignnone  wp-image-82784\" src=\"https:\/\/www.sana.sy\/es\/wp-content\/uploads\/2018\/05\/6-107-300x150-300x150.jpg\" alt=\"\" width=\"240\" height=\"120\" srcset=\"https:\/\/archive.sana.sy\/es\/wp-content\/uploads\/2018\/05\/6-107-300x150.jpg 300w, https:\/\/archive.sana.sy\/es\/wp-content\/uploads\/2018\/05\/6-107-300x150-150x75.jpg 150w\" sizes=\"(max-width: 240px) 100vw, 240px\" \/><\/p>\n","protected":false},"excerpt":{"rendered":"<p>&nbsp; Hama-SANA El fot\u00f3grafo sirio Ali Mansour trat\u00f3 a trav\u00e9s de su cortometraje titulado \u201cContrate o Discrepancia\u201d dar una idea sobre el impacto de la guerra en el arte. Mansour dijo que la idea fue por una iniciativa propia y por un sentimiento de responsabilidad, adem\u00e1s por las presiones que los artistas j\u00f3venes viven, y &hellip;<\/p>\n","protected":false},"author":1,"featured_media":82778,"comment_status":"closed","ping_status":"closed","sticky":false,"template":"","format":"standard","meta":{"footnotes":""},"categories":[597,510,476,7541],"tags":[],"class_list":["post-82777","post","type-post","status-publish","format-standard","has-post-thumbnail","","category-cinta-de-noticias","category-arte-y-cultura","category-locales","category-ultimas-noticias"],"_links":{"self":[{"href":"https:\/\/archive.sana.sy\/es\/index.php?rest_route=\/wp\/v2\/posts\/82777"}],"collection":[{"href":"https:\/\/archive.sana.sy\/es\/index.php?rest_route=\/wp\/v2\/posts"}],"about":[{"href":"https:\/\/archive.sana.sy\/es\/index.php?rest_route=\/wp\/v2\/types\/post"}],"author":[{"embeddable":true,"href":"https:\/\/archive.sana.sy\/es\/index.php?rest_route=\/wp\/v2\/users\/1"}],"replies":[{"embeddable":true,"href":"https:\/\/archive.sana.sy\/es\/index.php?rest_route=%2Fwp%2Fv2%2Fcomments&post=82777"}],"version-history":[{"count":0,"href":"https:\/\/archive.sana.sy\/es\/index.php?rest_route=\/wp\/v2\/posts\/82777\/revisions"}],"wp:featuredmedia":[{"embeddable":true,"href":"https:\/\/archive.sana.sy\/es\/index.php?rest_route=\/wp\/v2\/media\/82778"}],"wp:attachment":[{"href":"https:\/\/archive.sana.sy\/es\/index.php?rest_route=%2Fwp%2Fv2%2Fmedia&parent=82777"}],"wp:term":[{"taxonomy":"category","embeddable":true,"href":"https:\/\/archive.sana.sy\/es\/index.php?rest_route=%2Fwp%2Fv2%2Fcategories&post=82777"},{"taxonomy":"post_tag","embeddable":true,"href":"https:\/\/archive.sana.sy\/es\/index.php?rest_route=%2Fwp%2Fv2%2Ftags&post=82777"}],"curies":[{"name":"wp","href":"https:\/\/api.w.org\/{rel}","templated":true}]}}