{"id":82792,"date":"2018-05-19T12:30:21","date_gmt":"2018-05-19T09:30:21","guid":{"rendered":"https:\/\/www.sana.sy\/es\/?p=82792"},"modified":"2018-05-19T17:10:47","modified_gmt":"2018-05-19T14:10:47","slug":"fuerzas-de-seguridad-interna-entran-en-la-localidad-de-taldo-en-el-campo-de-homs-despues-de-liberarla-del-terrorismo","status":"publish","type":"post","link":"https:\/\/archive.sana.sy\/es\/?p=82792","title":{"rendered":"Fuerzas de Seguridad Interna entran en la zona de al Hula e izan la bandera nacional"},"content":{"rendered":"<p><span style=\"color: #800000;\">Homs-SANA<\/span><\/p>\n<p>Unidades de las Fuerzas de Seguridad Interna entraron antes del mediod\u00eda en las localidades de Kaferlaha, Tal Dahab, y Taldo, en la regi\u00f3n de al Hula en la comarca norte\u00f1a de Homs, despu\u00e9s de liberarlas del terrorismo.<\/p>\n<p>Los agentes \u00a0izaron la bandera nacional sobre los edificios gubernamentales, con la participaci\u00f3n de cientos de vecinos que se congregaron para recibir a las fuerzas gubernamentales, llevando banderas y fotos del presidente Bashar al Assad.<\/p>\n<p>Equipos de mantenimiento de la Compa\u00f1a de Electricidad , y de los Servicios T\u00e9cnicos de la gobernaci\u00f3n entraron con las fuerzas de seguridad para iniciar obras de rehabilitaci\u00f3n de redes el\u00e9ctricas, carreteras, y bienes de utilidad p\u00fablica.<\/p>\n<p>Ayer, las fuerzas de Seguridad Interna entraron en las localidades de Aqrab y Talaf, en la comarca sure\u00f1a de Hama, e izaron la bandera nacional sobre edificios gubernamentales.<\/p>\n<p>&nbsp;<\/p>\n<p><span style=\"color: #0000ff;\">Akram. S<\/span><\/p>\n<p><img loading=\"lazy\" decoding=\"async\" class=\"alignnone size-full wp-image-82837\" src=\"https:\/\/www.sana.sy\/es\/wp-content\/uploads\/2018\/05\/8-88-150x150.jpg\" alt=\"\" width=\"150\" height=\"150\" \/> <img loading=\"lazy\" decoding=\"async\" class=\"alignnone size-medium wp-image-82838\" src=\"https:\/\/www.sana.sy\/es\/wp-content\/uploads\/2018\/05\/9-76-150x150.jpg\" alt=\"\" width=\"150\" height=\"150\" \/> <img loading=\"lazy\" decoding=\"async\" class=\"alignnone size-medium wp-image-82839\" src=\"https:\/\/www.sana.sy\/es\/wp-content\/uploads\/2018\/05\/10-74-150x150.jpg\" alt=\"\" width=\"150\" height=\"150\" \/> <img loading=\"lazy\" decoding=\"async\" class=\"alignnone size-medium wp-image-82840\" src=\"https:\/\/www.sana.sy\/es\/wp-content\/uploads\/2018\/05\/5-125-150x150.jpg\" alt=\"\" width=\"150\" height=\"150\" \/><img loading=\"lazy\" decoding=\"async\" class=\"alignnone size-full wp-image-82841\" src=\"https:\/\/www.sana.sy\/es\/wp-content\/uploads\/2018\/05\/6-115-150x150.jpg\" alt=\"\" width=\"150\" height=\"150\" \/> <img loading=\"lazy\" decoding=\"async\" class=\"alignnone size-medium wp-image-82842\" src=\"https:\/\/www.sana.sy\/es\/wp-content\/uploads\/2018\/05\/7-116-150x150.jpg\" alt=\"\" width=\"150\" height=\"150\" \/> <img loading=\"lazy\" decoding=\"async\" class=\"alignnone size-medium wp-image-82843\" src=\"https:\/\/www.sana.sy\/es\/wp-content\/uploads\/2018\/05\/2-314-150x150.jpg\" alt=\"\" width=\"150\" height=\"150\" \/> <img loading=\"lazy\" decoding=\"async\" class=\"alignnone size-medium wp-image-82844\" src=\"https:\/\/www.sana.sy\/es\/wp-content\/uploads\/2018\/05\/3-224-150x150.jpg\" alt=\"\" width=\"150\" height=\"150\" \/><img loading=\"lazy\" decoding=\"async\" class=\"alignnone size-full wp-image-82845\" src=\"https:\/\/www.sana.sy\/es\/wp-content\/uploads\/2018\/05\/1-542-150x150.jpg\" alt=\"\" width=\"150\" height=\"150\" \/><\/p>\n","protected":false},"excerpt":{"rendered":"<p>Homs-SANA Unidades de las Fuerzas de Seguridad Interna entraron antes del mediod\u00eda en las localidades de Kaferlaha, Tal Dahab, y Taldo, en la regi\u00f3n de al Hula en la comarca norte\u00f1a de Homs, despu\u00e9s de liberarlas del terrorismo. Los agentes \u00a0izaron la bandera nacional sobre los edificios gubernamentales, con la participaci\u00f3n de cientos de vecinos &hellip;<\/p>\n","protected":false},"author":1,"featured_media":82836,"comment_status":"closed","ping_status":"closed","sticky":false,"template":"","format":"standard","meta":{"footnotes":""},"categories":[597,573,476,583,7541],"tags":[],"class_list":["post-82792","post","type-post","status-publish","format-standard","has-post-thumbnail","","category-cinta-de-noticias","category-la-realidad-de-los-acontecimientos-en-siria","category-locales","category-slide","category-ultimas-noticias"],"_links":{"self":[{"href":"https:\/\/archive.sana.sy\/es\/index.php?rest_route=\/wp\/v2\/posts\/82792"}],"collection":[{"href":"https:\/\/archive.sana.sy\/es\/index.php?rest_route=\/wp\/v2\/posts"}],"about":[{"href":"https:\/\/archive.sana.sy\/es\/index.php?rest_route=\/wp\/v2\/types\/post"}],"author":[{"embeddable":true,"href":"https:\/\/archive.sana.sy\/es\/index.php?rest_route=\/wp\/v2\/users\/1"}],"replies":[{"embeddable":true,"href":"https:\/\/archive.sana.sy\/es\/index.php?rest_route=%2Fwp%2Fv2%2Fcomments&post=82792"}],"version-history":[{"count":0,"href":"https:\/\/archive.sana.sy\/es\/index.php?rest_route=\/wp\/v2\/posts\/82792\/revisions"}],"wp:featuredmedia":[{"embeddable":true,"href":"https:\/\/archive.sana.sy\/es\/index.php?rest_route=\/wp\/v2\/media\/82836"}],"wp:attachment":[{"href":"https:\/\/archive.sana.sy\/es\/index.php?rest_route=%2Fwp%2Fv2%2Fmedia&parent=82792"}],"wp:term":[{"taxonomy":"category","embeddable":true,"href":"https:\/\/archive.sana.sy\/es\/index.php?rest_route=%2Fwp%2Fv2%2Fcategories&post=82792"},{"taxonomy":"post_tag","embeddable":true,"href":"https:\/\/archive.sana.sy\/es\/index.php?rest_route=%2Fwp%2Fv2%2Ftags&post=82792"}],"curies":[{"name":"wp","href":"https:\/\/api.w.org\/{rel}","templated":true}]}}