{"id":82821,"date":"2018-05-19T15:54:04","date_gmt":"2018-05-19T12:54:04","guid":{"rendered":"https:\/\/www.sana.sy\/es\/?p=82821"},"modified":"2018-05-19T17:18:05","modified_gmt":"2018-05-19T14:18:05","slug":"grupos-terroristas-continuan-sus-agresiones-contra-las-localidades-de-kefarya-y-al-foa-en-idleb","status":"publish","type":"post","link":"https:\/\/archive.sana.sy\/es\/?p=82821","title":{"rendered":"Grupos terroristas contin\u00faan sus agresiones contra las localidades de Kefarya y al Foa en Idleb"},"content":{"rendered":"<p>&nbsp;<\/p>\n<p><span style=\"color: #800000;\">Idleb-SANA<\/span><\/p>\n<p>Un civil result\u00f3 herido por disparos de francotirador contra los habitantes asediados de Kefarya y al Foa, en la comarca norte de Idleb.<\/p>\n<p>Fuentes civiles informaron que los terroristas atrincherados en la localidad de Benesh, adyacente a las dos localidades, dispararon contra cualquier movimiento de los vecinos de las dos localidades, lo que caus\u00f3 un herido en estado cr\u00edtico.<\/p>\n<p>Las localidades de Kefarya y al Foa est\u00e1n asediadas desde hace tres a\u00f1os por los grupos terroristas, y miles de civiles- en su mayor\u00eda mujeres y ni\u00f1os- viven una situaci\u00f3n humanitaria tr\u00e1gica.<\/p>\n<p><span style=\"color: #0000ff;\">Akram. S<\/span><\/p>\n","protected":false},"excerpt":{"rendered":"<p>&nbsp; Idleb-SANA Un civil result\u00f3 herido por disparos de francotirador contra los habitantes asediados de Kefarya y al Foa, en la comarca norte de Idleb. Fuentes civiles informaron que los terroristas atrincherados en la localidad de Benesh, adyacente a las dos localidades, dispararon contra cualquier movimiento de los vecinos de las dos localidades, lo que &hellip;<\/p>\n","protected":false},"author":1,"featured_media":82822,"comment_status":"closed","ping_status":"closed","sticky":false,"template":"","format":"standard","meta":{"footnotes":""},"categories":[597,573,476,7541],"tags":[],"class_list":["post-82821","post","type-post","status-publish","format-standard","has-post-thumbnail","","category-cinta-de-noticias","category-la-realidad-de-los-acontecimientos-en-siria","category-locales","category-ultimas-noticias"],"_links":{"self":[{"href":"https:\/\/archive.sana.sy\/es\/index.php?rest_route=\/wp\/v2\/posts\/82821"}],"collection":[{"href":"https:\/\/archive.sana.sy\/es\/index.php?rest_route=\/wp\/v2\/posts"}],"about":[{"href":"https:\/\/archive.sana.sy\/es\/index.php?rest_route=\/wp\/v2\/types\/post"}],"author":[{"embeddable":true,"href":"https:\/\/archive.sana.sy\/es\/index.php?rest_route=\/wp\/v2\/users\/1"}],"replies":[{"embeddable":true,"href":"https:\/\/archive.sana.sy\/es\/index.php?rest_route=%2Fwp%2Fv2%2Fcomments&post=82821"}],"version-history":[{"count":0,"href":"https:\/\/archive.sana.sy\/es\/index.php?rest_route=\/wp\/v2\/posts\/82821\/revisions"}],"wp:featuredmedia":[{"embeddable":true,"href":"https:\/\/archive.sana.sy\/es\/index.php?rest_route=\/wp\/v2\/media\/82822"}],"wp:attachment":[{"href":"https:\/\/archive.sana.sy\/es\/index.php?rest_route=%2Fwp%2Fv2%2Fmedia&parent=82821"}],"wp:term":[{"taxonomy":"category","embeddable":true,"href":"https:\/\/archive.sana.sy\/es\/index.php?rest_route=%2Fwp%2Fv2%2Fcategories&post=82821"},{"taxonomy":"post_tag","embeddable":true,"href":"https:\/\/archive.sana.sy\/es\/index.php?rest_route=%2Fwp%2Fv2%2Ftags&post=82821"}],"curies":[{"name":"wp","href":"https:\/\/api.w.org\/{rel}","templated":true}]}}