{"id":82869,"date":"2018-05-19T17:00:26","date_gmt":"2018-05-19T14:00:26","guid":{"rendered":"https:\/\/www.sana.sy\/es\/?p=82869"},"modified":"2018-05-19T17:51:36","modified_gmt":"2018-05-19T14:51:36","slug":"feria-del-libro-se-organiza-en-el-parque-de-los-pioneros-del-medio-ambiente-en-jaramana","status":"publish","type":"post","link":"https:\/\/archive.sana.sy\/es\/?p=82869","title":{"rendered":"Feria del libro se organiza en el parque de los Pioneros del Medio Ambiente en Jaramana"},"content":{"rendered":"<p>&nbsp;<\/p>\n<p><span style=\"color: #800000;\">Damasco campo-SANA<\/span><\/p>\n<p>Una feria del libro con diversas ediciones y diferentes t\u00edtulos fue organizada en el parque de los Pioneros del Medio Ambiente en la ciudad de Jaramana.<\/p>\n<p>La feria organizada por la editorial Sin para la Cultura, Edici\u00f3n, e Informaci\u00f3n, y la editorial de al Haitham para la Imprenta, la Edici\u00f3n, y la Distribuci\u00f3n, en colaboraci\u00f3n con el Consejo Municipal de Jaramana, incluy\u00f3 varios libros de diferentes \u00e1mbitos, adem\u00e1s de un pabell\u00f3n especial para los libros de pr\u00e9stamo, donde los visitantes pueden prestar los libros y devolverlos durante la feria, con la posibilidad de venta a plazos.<\/p>\n<p><span style=\"color: #0000ff;\">Akram. S<\/span><\/p>\n","protected":false},"excerpt":{"rendered":"<p>&nbsp; Damasco campo-SANA Una feria del libro con diversas ediciones y diferentes t\u00edtulos fue organizada en el parque de los Pioneros del Medio Ambiente en la ciudad de Jaramana. La feria organizada por la editorial Sin para la Cultura, Edici\u00f3n, e Informaci\u00f3n, y la editorial de al Haitham para la Imprenta, la Edici\u00f3n, y la &hellip;<\/p>\n","protected":false},"author":1,"featured_media":82870,"comment_status":"closed","ping_status":"closed","sticky":false,"template":"","format":"standard","meta":{"footnotes":""},"categories":[510,476,7541],"tags":[],"class_list":["post-82869","post","type-post","status-publish","format-standard","has-post-thumbnail","","category-arte-y-cultura","category-locales","category-ultimas-noticias"],"_links":{"self":[{"href":"https:\/\/archive.sana.sy\/es\/index.php?rest_route=\/wp\/v2\/posts\/82869"}],"collection":[{"href":"https:\/\/archive.sana.sy\/es\/index.php?rest_route=\/wp\/v2\/posts"}],"about":[{"href":"https:\/\/archive.sana.sy\/es\/index.php?rest_route=\/wp\/v2\/types\/post"}],"author":[{"embeddable":true,"href":"https:\/\/archive.sana.sy\/es\/index.php?rest_route=\/wp\/v2\/users\/1"}],"replies":[{"embeddable":true,"href":"https:\/\/archive.sana.sy\/es\/index.php?rest_route=%2Fwp%2Fv2%2Fcomments&post=82869"}],"version-history":[{"count":0,"href":"https:\/\/archive.sana.sy\/es\/index.php?rest_route=\/wp\/v2\/posts\/82869\/revisions"}],"wp:featuredmedia":[{"embeddable":true,"href":"https:\/\/archive.sana.sy\/es\/index.php?rest_route=\/wp\/v2\/media\/82870"}],"wp:attachment":[{"href":"https:\/\/archive.sana.sy\/es\/index.php?rest_route=%2Fwp%2Fv2%2Fmedia&parent=82869"}],"wp:term":[{"taxonomy":"category","embeddable":true,"href":"https:\/\/archive.sana.sy\/es\/index.php?rest_route=%2Fwp%2Fv2%2Fcategories&post=82869"},{"taxonomy":"post_tag","embeddable":true,"href":"https:\/\/archive.sana.sy\/es\/index.php?rest_route=%2Fwp%2Fv2%2Ftags&post=82869"}],"curies":[{"name":"wp","href":"https:\/\/api.w.org\/{rel}","templated":true}]}}