{"id":83245,"date":"2018-05-27T18:05:49","date_gmt":"2018-05-27T15:05:49","guid":{"rendered":"https:\/\/www.sana.sy\/es\/?p=83245"},"modified":"2018-05-27T18:05:49","modified_gmt":"2018-05-27T15:05:49","slug":"isabelle-nicolas-canta-para-siria","status":"publish","type":"post","link":"https:\/\/archive.sana.sy\/es\/?p=83245","title":{"rendered":"Isabelle Nicol\u00e1s canta para Siria"},"content":{"rendered":"<p>Damasco, SANA<\/p>\n<p>La cantante de \u00f3pera canadiense, Isabelle Nicol\u00e1s, residente en Suiza ha lanzado un video clip con la canci\u00f3n &#8220;Flores de la paz&#8221; que cant\u00f3 por primera vez el a\u00f1o pasado como un regalo de amor a Siria y su pueblo por iniciativa de los expatriados sirios Iyad Qahush autor de la letra, y el compositor musical Zaher Assaf.<\/p>\n<p>Es de se\u00f1alar que la soprano Nicol\u00e1s estren\u00f3 las &#8220;Flores de la Paz&#8221; en la sede de la ONU en Ginebra el pasado a\u00f1o con ocasi\u00f3n del 70 aniversario de lanzamiento del proyecto mundial: La M\u00fasica, nutriente del alma, auspiciado por la ONU como mensaje de paz para el mundo.<\/p>\n<p>La cantante afirma que los ni\u00f1os de Siria, al igual que los otros, merecen un ambiente seguro, feliz y amoroso para aumentar sus oportunidades de tener un futuro mejor.<\/p>\n<p>Por su parte Assaf dijo que &#8220;nuestro objetivo detr\u00e1s de la canci\u00f3n es llevar un mensaje al mundo consistente en que Siria es un pa\u00eds de paz y cuna de las religiones celestes, considerando que la canci\u00f3n transmite una imagen distinta de Siria a los pueblos europeos.<\/p>\n<p>R.Sh.-Y.K.<\/p>\n","protected":false},"excerpt":{"rendered":"<p>Damasco, SANA La cantante de \u00f3pera canadiense, Isabelle Nicol\u00e1s, residente en Suiza ha lanzado un video clip con la canci\u00f3n &#8220;Flores de la paz&#8221; que cant\u00f3 por primera vez el a\u00f1o pasado como un regalo de amor a Siria y su pueblo por iniciativa de los expatriados sirios Iyad Qahush autor de la letra, y &hellip;<\/p>\n","protected":false},"author":1,"featured_media":83246,"comment_status":"closed","ping_status":"closed","sticky":false,"template":"","format":"standard","meta":{"footnotes":""},"categories":[467,7541],"tags":[],"class_list":["post-83245","post","type-post","status-publish","format-standard","has-post-thumbnail","","category-siria-y-el-mundo","category-ultimas-noticias"],"_links":{"self":[{"href":"https:\/\/archive.sana.sy\/es\/index.php?rest_route=\/wp\/v2\/posts\/83245"}],"collection":[{"href":"https:\/\/archive.sana.sy\/es\/index.php?rest_route=\/wp\/v2\/posts"}],"about":[{"href":"https:\/\/archive.sana.sy\/es\/index.php?rest_route=\/wp\/v2\/types\/post"}],"author":[{"embeddable":true,"href":"https:\/\/archive.sana.sy\/es\/index.php?rest_route=\/wp\/v2\/users\/1"}],"replies":[{"embeddable":true,"href":"https:\/\/archive.sana.sy\/es\/index.php?rest_route=%2Fwp%2Fv2%2Fcomments&post=83245"}],"version-history":[{"count":0,"href":"https:\/\/archive.sana.sy\/es\/index.php?rest_route=\/wp\/v2\/posts\/83245\/revisions"}],"wp:featuredmedia":[{"embeddable":true,"href":"https:\/\/archive.sana.sy\/es\/index.php?rest_route=\/wp\/v2\/media\/83246"}],"wp:attachment":[{"href":"https:\/\/archive.sana.sy\/es\/index.php?rest_route=%2Fwp%2Fv2%2Fmedia&parent=83245"}],"wp:term":[{"taxonomy":"category","embeddable":true,"href":"https:\/\/archive.sana.sy\/es\/index.php?rest_route=%2Fwp%2Fv2%2Fcategories&post=83245"},{"taxonomy":"post_tag","embeddable":true,"href":"https:\/\/archive.sana.sy\/es\/index.php?rest_route=%2Fwp%2Fv2%2Ftags&post=83245"}],"curies":[{"name":"wp","href":"https:\/\/api.w.org\/{rel}","templated":true}]}}