{"id":83248,"date":"2018-05-27T18:30:56","date_gmt":"2018-05-27T15:30:56","guid":{"rendered":"https:\/\/www.sana.sy\/es\/?p=83248"},"modified":"2018-05-27T18:30:56","modified_gmt":"2018-05-27T15:30:56","slug":"siria-encabezara-la-conferencia-de-desarme-de-la-onu","status":"publish","type":"post","link":"https:\/\/archive.sana.sy\/es\/?p=83248","title":{"rendered":"Siria encabezar\u00e1 la Conferencia de Desarme de la ONU"},"content":{"rendered":"<p>Ginebra-SANA<\/p>\n<p><span style=\"line-height: 1.5\">La Rep\u00fablica \u00c1rabe Siria asumir\u00e1 a partir de ma\u00f1ana lunes y hasta el 26 de junio, la presidencia de la Conferencia de Desarme de las Naciones Unidas por tercera vez e desde de su adhesi\u00f3n al \u00f3rgano en el a\u00f1o 1996.<\/span><\/p>\n<p><span style=\"line-height: 1.5\">Al respecto, el Representante Permanente de Siria ante la ONU en Ginebra, el Embajador Hussam Eddin Ala, afirm\u00f3 la importancia de la presidencia de Siria de este importante foro internacional, a pesar de la oposici\u00f3n impuesta por los Estados Unidos y las campa\u00f1as medi\u00e1ticas que lanz\u00f3 el ente sionista para impedir que Siria presidiera la Conferencia.<\/span><\/p>\n<div class=\"\">\n<div class=\"_1mf _1mj\"><span style=\"line-height: 1.5\">El Embajador Ala, quien presidir\u00e1 la Conferencia durante las pr\u00f3ximas cuatro semanas, dijo que Siria trabajar\u00e1 con profesionalismo y toda responsabilidad durante el desempe\u00f1o de sus funciones as\u00ed como trabajar\u00e1 para defender el respeto de los principios del derecho internacional, la Carta de la ONU y las reglas y principios en virtud de las cuales se cre\u00f3 la Conferencia de Desarme.<\/span><\/div>\n<\/div>\n<div class=\"\">\n<div class=\"_1mf _1mj\"><span>\u00a0<\/span><\/div>\n<\/div>\n<div class=\"\">\n<div class=\"_1mf _1mj\"><span>Hizo hincapi\u00e9 en el papel de la Conferencia en la eliminaci\u00f3n de los factores que podr\u00edan amenazar la seguridad internacional.<\/span><\/div>\n<\/div>\n<div class=\"\">\n<div class=\"_1mf _1mj\"><span>\u00a0<\/span><\/div>\n<\/div>\n<div class=\"\">\n<div class=\"_1mf _1mj\"><span>Ala se\u00f1al\u00f3 que el establecimiento de zonas libres de armas nucleares y libres de armas de destrucci\u00f3n masiva, en particular en el Oriente Medio, y la lucha contra el terrorismo qu\u00edmico y biol\u00f3gico siempre han sido prioridades de Siria en la Conferencia.<\/span><\/div>\n<\/div>\n<div class=\"\">\n<div class=\"_1mf _1mj\"><span>\u00a0<\/span><\/div>\n<\/div>\n<div class=\"\">\n<div class=\"_1mf _1mj\"><span>La Conferencia de Desarme se estableci\u00f3 en 1979 y comprende 65 Estados, incluidos los cinco Estados poseedores de armas nucleares. <\/span><\/div>\n<\/div>\n<div class=\"\"><\/div>\n<p>Y.K.<\/p>\n","protected":false},"excerpt":{"rendered":"<p>Ginebra-SANA La Rep\u00fablica \u00c1rabe Siria asumir\u00e1 a partir de ma\u00f1ana lunes y hasta el 26 de junio, la presidencia de la Conferencia de Desarme de las Naciones Unidas por tercera vez e desde de su adhesi\u00f3n al \u00f3rgano en el a\u00f1o 1996. Al respecto, el Representante Permanente de Siria ante la ONU en Ginebra, el &hellip;<\/p>\n","protected":false},"author":1,"featured_media":83249,"comment_status":"closed","ping_status":"closed","sticky":false,"template":"","format":"standard","meta":{"footnotes":""},"categories":[456,7541],"tags":[],"class_list":["post-83248","post","type-post","status-publish","format-standard","has-post-thumbnail","","category-arabe-internacional-politica","category-ultimas-noticias"],"_links":{"self":[{"href":"https:\/\/archive.sana.sy\/es\/index.php?rest_route=\/wp\/v2\/posts\/83248"}],"collection":[{"href":"https:\/\/archive.sana.sy\/es\/index.php?rest_route=\/wp\/v2\/posts"}],"about":[{"href":"https:\/\/archive.sana.sy\/es\/index.php?rest_route=\/wp\/v2\/types\/post"}],"author":[{"embeddable":true,"href":"https:\/\/archive.sana.sy\/es\/index.php?rest_route=\/wp\/v2\/users\/1"}],"replies":[{"embeddable":true,"href":"https:\/\/archive.sana.sy\/es\/index.php?rest_route=%2Fwp%2Fv2%2Fcomments&post=83248"}],"version-history":[{"count":0,"href":"https:\/\/archive.sana.sy\/es\/index.php?rest_route=\/wp\/v2\/posts\/83248\/revisions"}],"wp:featuredmedia":[{"embeddable":true,"href":"https:\/\/archive.sana.sy\/es\/index.php?rest_route=\/wp\/v2\/media\/83249"}],"wp:attachment":[{"href":"https:\/\/archive.sana.sy\/es\/index.php?rest_route=%2Fwp%2Fv2%2Fmedia&parent=83248"}],"wp:term":[{"taxonomy":"category","embeddable":true,"href":"https:\/\/archive.sana.sy\/es\/index.php?rest_route=%2Fwp%2Fv2%2Fcategories&post=83248"},{"taxonomy":"post_tag","embeddable":true,"href":"https:\/\/archive.sana.sy\/es\/index.php?rest_route=%2Fwp%2Fv2%2Ftags&post=83248"}],"curies":[{"name":"wp","href":"https:\/\/api.w.org\/{rel}","templated":true}]}}