{"id":83254,"date":"2018-05-27T20:17:22","date_gmt":"2018-05-27T17:17:22","guid":{"rendered":"https:\/\/www.sana.sy\/es\/?p=83254"},"modified":"2018-05-27T20:17:22","modified_gmt":"2018-05-27T17:17:22","slug":"los-terroristas-convierten-las-escuelas-de-al-hajar-al-aswad-y-al-yarmuk-en-centros-de-reclutamiento-de-ninos","status":"publish","type":"post","link":"https:\/\/archive.sana.sy\/es\/?p=83254","title":{"rendered":"Los terroristas convierten las escuelas de al H\u00e1jar al Aswad y \u00a0al Yarmuk en centros de reclutamiento de ni\u00f1os"},"content":{"rendered":"<p><span style=\"color: #800000;\">Damasco-SANA<\/span><\/p>\n<p>Los terroristas destrozaron las herramientas educativas de decenas de escuelas en al H\u00e1jar al Aswad y el campamento de al Yarmuk, al sur de Damasco, y las convirtieron en centros de detenci\u00f3n y de reclutamiento de ni\u00f1os.<\/p>\n<p>Durante su recorrido por el barrio de al H\u00e1jar al Aswad, el corresponsal de SANA document\u00f3 el estado en el que se encuentran varias escuelas destruidas por los grupos terroristas, que cumplen el plan de sus patrocinadores en atacar el sector de educaci\u00f3n y ense\u00f1anza en Siria.<\/p>\n<p>La c\u00e1mara de SANA document\u00f3 las escrituras takfir\u00edes de los terroristas en la escuela del m\u00e1rtir Rahil al Khazal, y los libros takfir\u00edes usados por ellos que llaman a matar, y a expropiarse de las propiedades de los dem\u00e1s , en lugar de los libros de lectura, matem\u00e1ticas, e historia.<\/p>\n<p>Despu\u00e9s de la liberaci\u00f3n del campamento de al Yarmuk y al H\u00e1jar al Aswad, el gobierno intensifica los esfuerzos para rehabilitar las escuelas de nuevo, y recibir a los alumnos en las clases, centr\u00e1ndose en recompensarles de todos los cursos escolares perdidos.<\/p>\n<p><span style=\"color: #0000ff;\">Akram. S<\/span><\/p>\n<p><img loading=\"lazy\" decoding=\"async\" class=\"aligncenter wp-image-83256 size-full\" src=\"https:\/\/www.sana.sy\/es\/wp-content\/uploads\/2018\/05\/06-4.jpg\" alt=\"\" width=\"660\" height=\"495\" srcset=\"https:\/\/archive.sana.sy\/es\/wp-content\/uploads\/2018\/05\/06-4.jpg 660w, https:\/\/archive.sana.sy\/es\/wp-content\/uploads\/2018\/05\/06-4-150x113.jpg 150w, https:\/\/archive.sana.sy\/es\/wp-content\/uploads\/2018\/05\/06-4-300x225.jpg 300w\" sizes=\"(max-width: 660px) 100vw, 660px\" \/><\/p>\n<p><img loading=\"lazy\" decoding=\"async\" class=\"aligncenter wp-image-83257 size-full\" src=\"https:\/\/www.sana.sy\/es\/wp-content\/uploads\/2018\/05\/08-5.jpg\" alt=\"\" width=\"660\" height=\"495\" srcset=\"https:\/\/archive.sana.sy\/es\/wp-content\/uploads\/2018\/05\/08-5.jpg 660w, https:\/\/archive.sana.sy\/es\/wp-content\/uploads\/2018\/05\/08-5-150x113.jpg 150w, https:\/\/archive.sana.sy\/es\/wp-content\/uploads\/2018\/05\/08-5-300x225.jpg 300w\" sizes=\"(max-width: 660px) 100vw, 660px\" \/><\/p>\n<p><img loading=\"lazy\" decoding=\"async\" class=\"aligncenter wp-image-83258 size-full\" src=\"https:\/\/www.sana.sy\/es\/wp-content\/uploads\/2018\/05\/03-11.jpg\" alt=\"\" width=\"660\" height=\"495\" srcset=\"https:\/\/archive.sana.sy\/es\/wp-content\/uploads\/2018\/05\/03-11.jpg 660w, https:\/\/archive.sana.sy\/es\/wp-content\/uploads\/2018\/05\/03-11-150x113.jpg 150w, https:\/\/archive.sana.sy\/es\/wp-content\/uploads\/2018\/05\/03-11-300x225.jpg 300w\" sizes=\"(max-width: 660px) 100vw, 660px\" \/><\/p>\n<p><img loading=\"lazy\" decoding=\"async\" class=\"aligncenter wp-image-83259 size-full\" src=\"https:\/\/www.sana.sy\/es\/wp-content\/uploads\/2018\/05\/04-8.jpg\" alt=\"\" width=\"660\" height=\"495\" srcset=\"https:\/\/archive.sana.sy\/es\/wp-content\/uploads\/2018\/05\/04-8.jpg 660w, https:\/\/archive.sana.sy\/es\/wp-content\/uploads\/2018\/05\/04-8-150x113.jpg 150w, https:\/\/archive.sana.sy\/es\/wp-content\/uploads\/2018\/05\/04-8-300x225.jpg 300w\" sizes=\"(max-width: 660px) 100vw, 660px\" \/><\/p>\n<p><img loading=\"lazy\" decoding=\"async\" class=\"aligncenter wp-image-83260 size-full\" src=\"https:\/\/www.sana.sy\/es\/wp-content\/uploads\/2018\/05\/05-10.jpg\" alt=\"\" width=\"660\" height=\"347\" srcset=\"https:\/\/archive.sana.sy\/es\/wp-content\/uploads\/2018\/05\/05-10.jpg 660w, https:\/\/archive.sana.sy\/es\/wp-content\/uploads\/2018\/05\/05-10-150x79.jpg 150w, https:\/\/archive.sana.sy\/es\/wp-content\/uploads\/2018\/05\/05-10-300x158.jpg 300w\" sizes=\"(max-width: 660px) 100vw, 660px\" \/><\/p>\n<p>&nbsp;<\/p>\n","protected":false},"excerpt":{"rendered":"<p>Damasco-SANA Los terroristas destrozaron las herramientas educativas de decenas de escuelas en al H\u00e1jar al Aswad y el campamento de al Yarmuk, al sur de Damasco, y las convirtieron en centros de detenci\u00f3n y de reclutamiento de ni\u00f1os. Durante su recorrido por el barrio de al H\u00e1jar al Aswad, el corresponsal de SANA document\u00f3 el &hellip;<\/p>\n","protected":false},"author":1,"featured_media":83255,"comment_status":"closed","ping_status":"closed","sticky":false,"template":"","format":"standard","meta":{"footnotes":""},"categories":[597,573,476,7541],"tags":[],"class_list":["post-83254","post","type-post","status-publish","format-standard","has-post-thumbnail","","category-cinta-de-noticias","category-la-realidad-de-los-acontecimientos-en-siria","category-locales","category-ultimas-noticias"],"_links":{"self":[{"href":"https:\/\/archive.sana.sy\/es\/index.php?rest_route=\/wp\/v2\/posts\/83254"}],"collection":[{"href":"https:\/\/archive.sana.sy\/es\/index.php?rest_route=\/wp\/v2\/posts"}],"about":[{"href":"https:\/\/archive.sana.sy\/es\/index.php?rest_route=\/wp\/v2\/types\/post"}],"author":[{"embeddable":true,"href":"https:\/\/archive.sana.sy\/es\/index.php?rest_route=\/wp\/v2\/users\/1"}],"replies":[{"embeddable":true,"href":"https:\/\/archive.sana.sy\/es\/index.php?rest_route=%2Fwp%2Fv2%2Fcomments&post=83254"}],"version-history":[{"count":0,"href":"https:\/\/archive.sana.sy\/es\/index.php?rest_route=\/wp\/v2\/posts\/83254\/revisions"}],"wp:featuredmedia":[{"embeddable":true,"href":"https:\/\/archive.sana.sy\/es\/index.php?rest_route=\/wp\/v2\/media\/83255"}],"wp:attachment":[{"href":"https:\/\/archive.sana.sy\/es\/index.php?rest_route=%2Fwp%2Fv2%2Fmedia&parent=83254"}],"wp:term":[{"taxonomy":"category","embeddable":true,"href":"https:\/\/archive.sana.sy\/es\/index.php?rest_route=%2Fwp%2Fv2%2Fcategories&post=83254"},{"taxonomy":"post_tag","embeddable":true,"href":"https:\/\/archive.sana.sy\/es\/index.php?rest_route=%2Fwp%2Fv2%2Ftags&post=83254"}],"curies":[{"name":"wp","href":"https:\/\/api.w.org\/{rel}","templated":true}]}}