{"id":83265,"date":"2018-05-27T20:55:12","date_gmt":"2018-05-27T17:55:12","guid":{"rendered":"https:\/\/www.sana.sy\/es\/?p=83265"},"modified":"2018-05-27T21:03:14","modified_gmt":"2018-05-27T18:03:14","slug":"las-personas-detenidas-por-robar-en-una-zona-liberada-y-aparecieron-en-videos-y-fotos-no-son-soldados-del-ejercito","status":"publish","type":"post","link":"https:\/\/archive.sana.sy\/es\/?p=83265","title":{"rendered":"Las personas detenidas por robar en una zona liberada y aparecieron en videos y fotos no son soldados del Ej\u00e9rcito"},"content":{"rendered":"<p>&nbsp;<\/p>\n<p><span style=\"color: #800000;\">Damasco-SANA<\/span><\/p>\n<p>Una fuente militar inform\u00f3 que las personas que aparecieron detenidas en las fotos y videos difundidos \u00faltimamente, mientras robaban en una de las zonas liberadas, no son soldados del Ej\u00e9rcito sirio.<\/p>\n<p>La fuente dijo: \u00a0En aclaraci\u00f3n sobre las fotos y videos difundidos respecto a la detenci\u00f3n de algunas personas que alegan ser soldados del Ej\u00e9rcito sirio, mientras robaban en una de las zonas liberadas \u00faltimamente, el Comando General del Ej\u00e9rcito afirma que las personas que aparecieron en estas fotos no son soldados del Ej\u00e9rcito sirio en absoluto, y son buscados por los cuerpos de seguridad.<\/p>\n<p><span style=\"color: #0000ff;\">Akram. S<\/span><\/p>\n","protected":false},"excerpt":{"rendered":"<p>&nbsp; Damasco-SANA Una fuente militar inform\u00f3 que las personas que aparecieron detenidas en las fotos y videos difundidos \u00faltimamente, mientras robaban en una de las zonas liberadas, no son soldados del Ej\u00e9rcito sirio. La fuente dijo: \u00a0En aclaraci\u00f3n sobre las fotos y videos difundidos respecto a la detenci\u00f3n de algunas personas que alegan ser soldados &hellip;<\/p>\n","protected":false},"author":1,"featured_media":83266,"comment_status":"closed","ping_status":"closed","sticky":false,"template":"","format":"standard","meta":{"footnotes":""},"categories":[597,573,476,7541],"tags":[],"class_list":["post-83265","post","type-post","status-publish","format-standard","has-post-thumbnail","","category-cinta-de-noticias","category-la-realidad-de-los-acontecimientos-en-siria","category-locales","category-ultimas-noticias"],"_links":{"self":[{"href":"https:\/\/archive.sana.sy\/es\/index.php?rest_route=\/wp\/v2\/posts\/83265"}],"collection":[{"href":"https:\/\/archive.sana.sy\/es\/index.php?rest_route=\/wp\/v2\/posts"}],"about":[{"href":"https:\/\/archive.sana.sy\/es\/index.php?rest_route=\/wp\/v2\/types\/post"}],"author":[{"embeddable":true,"href":"https:\/\/archive.sana.sy\/es\/index.php?rest_route=\/wp\/v2\/users\/1"}],"replies":[{"embeddable":true,"href":"https:\/\/archive.sana.sy\/es\/index.php?rest_route=%2Fwp%2Fv2%2Fcomments&post=83265"}],"version-history":[{"count":0,"href":"https:\/\/archive.sana.sy\/es\/index.php?rest_route=\/wp\/v2\/posts\/83265\/revisions"}],"wp:featuredmedia":[{"embeddable":true,"href":"https:\/\/archive.sana.sy\/es\/index.php?rest_route=\/wp\/v2\/media\/83266"}],"wp:attachment":[{"href":"https:\/\/archive.sana.sy\/es\/index.php?rest_route=%2Fwp%2Fv2%2Fmedia&parent=83265"}],"wp:term":[{"taxonomy":"category","embeddable":true,"href":"https:\/\/archive.sana.sy\/es\/index.php?rest_route=%2Fwp%2Fv2%2Fcategories&post=83265"},{"taxonomy":"post_tag","embeddable":true,"href":"https:\/\/archive.sana.sy\/es\/index.php?rest_route=%2Fwp%2Fv2%2Ftags&post=83265"}],"curies":[{"name":"wp","href":"https:\/\/api.w.org\/{rel}","templated":true}]}}