{"id":83272,"date":"2018-05-28T10:06:29","date_gmt":"2018-05-28T07:06:29","guid":{"rendered":"https:\/\/www.sana.sy\/es\/?p=83272"},"modified":"2018-05-28T19:19:27","modified_gmt":"2018-05-28T16:19:27","slug":"mas-de-224-mil-estudiantes-inician-sus-examenes-finales-de-la-fase-preuniversitaria","status":"publish","type":"post","link":"https:\/\/archive.sana.sy\/es\/?p=83272","title":{"rendered":"M\u00e1s de 224 mil estudiantes inician sus ex\u00e1menes finales de la fase preuniversitaria"},"content":{"rendered":"<p><span style=\"color: #800000;\">Damasco, SANA<\/span><\/p>\n<p>224.105 estudiantes iniciaron este lunes sus ex\u00e1menes finales de la etapa segundaria (preuniversitaria), en m\u00e1s de 1955 centros educativos distribuidos en las diferentes provincias del pa\u00eds.<\/p>\n<p>En una declaraci\u00f3n a SANA, el director del Departamento de Ex\u00e1menes en el Ministerio de Educaci\u00f3n, Younis Fati, dijo que los estudiantes de doce grado que empezaron hoy a presentar sus ex\u00e1menes, son de las diferentes especialidades de Escuelas Segundarias cient\u00edfica, literaria, industrial, agr\u00edcola, comercial, profesional femenina, agr\u00edcola y religiosa.<\/p>\n<p>Fati indic\u00f3 que el ministerio tom\u00f3 todas las medidas necesarias para el \u00e9xito del proceso de ex\u00e1menes como la designaci\u00f3n de representantes del ministerio para acompa\u00f1ar a los coches que trasladan las preguntas a las provincias y supervisar su entrega, y llevar a cabo inspecciones preventivas para los estudiantes con el fin de evitar la introducci\u00f3n de medios de fraude dentro de los centros de examen.<\/p>\n<p>Los ex\u00e1menes continuar\u00e1n hasta el d\u00eda 12 de junio.<\/p>\n<p><span style=\"color: #0000ff;\">F. Marouf\/ Dr. A. Shaban<\/span><\/p>\n","protected":false},"excerpt":{"rendered":"<p>Damasco, SANA 224.105 estudiantes iniciaron este lunes sus ex\u00e1menes finales de la etapa segundaria (preuniversitaria), en m\u00e1s de 1955 centros educativos distribuidos en las diferentes provincias del pa\u00eds. En una declaraci\u00f3n a SANA, el director del Departamento de Ex\u00e1menes en el Ministerio de Educaci\u00f3n, Younis Fati, dijo que los estudiantes de doce grado que empezaron &hellip;<\/p>\n","protected":false},"author":1,"featured_media":83273,"comment_status":"closed","ping_status":"closed","sticky":false,"template":"","format":"standard","meta":{"footnotes":""},"categories":[597,476,7541],"tags":[12057],"class_list":["post-83272","post","type-post","status-publish","format-standard","has-post-thumbnail","","category-cinta-de-noticias","category-locales","category-ultimas-noticias","tag-mas-de-224-mil-estudiantes-inician-sus-examenes-finales-de-la-fase-preuniversitaria"],"_links":{"self":[{"href":"https:\/\/archive.sana.sy\/es\/index.php?rest_route=\/wp\/v2\/posts\/83272"}],"collection":[{"href":"https:\/\/archive.sana.sy\/es\/index.php?rest_route=\/wp\/v2\/posts"}],"about":[{"href":"https:\/\/archive.sana.sy\/es\/index.php?rest_route=\/wp\/v2\/types\/post"}],"author":[{"embeddable":true,"href":"https:\/\/archive.sana.sy\/es\/index.php?rest_route=\/wp\/v2\/users\/1"}],"replies":[{"embeddable":true,"href":"https:\/\/archive.sana.sy\/es\/index.php?rest_route=%2Fwp%2Fv2%2Fcomments&post=83272"}],"version-history":[{"count":0,"href":"https:\/\/archive.sana.sy\/es\/index.php?rest_route=\/wp\/v2\/posts\/83272\/revisions"}],"wp:featuredmedia":[{"embeddable":true,"href":"https:\/\/archive.sana.sy\/es\/index.php?rest_route=\/wp\/v2\/media\/83273"}],"wp:attachment":[{"href":"https:\/\/archive.sana.sy\/es\/index.php?rest_route=%2Fwp%2Fv2%2Fmedia&parent=83272"}],"wp:term":[{"taxonomy":"category","embeddable":true,"href":"https:\/\/archive.sana.sy\/es\/index.php?rest_route=%2Fwp%2Fv2%2Fcategories&post=83272"},{"taxonomy":"post_tag","embeddable":true,"href":"https:\/\/archive.sana.sy\/es\/index.php?rest_route=%2Fwp%2Fv2%2Ftags&post=83272"}],"curies":[{"name":"wp","href":"https:\/\/api.w.org\/{rel}","templated":true}]}}