{"id":83282,"date":"2018-05-28T17:45:59","date_gmt":"2018-05-28T14:45:59","guid":{"rendered":"https:\/\/www.sana.sy\/es\/?p=83282"},"modified":"2018-05-28T17:45:59","modified_gmt":"2018-05-28T14:45:59","slug":"pakistan-reitera-apoyo-a-solucion-politica-a-la-crisis","status":"publish","type":"post","link":"https:\/\/archive.sana.sy\/es\/?p=83282","title":{"rendered":"Pakist\u00e1n reitera apoyo a soluci\u00f3n pol\u00edtica a la crisis"},"content":{"rendered":"<p>Damasco-SANA<\/p>\n<p>El Presidentes de la Asamblea Popular Hamoudeh Sabbagh afirm\u00f3 que la prioridad del gobierno sirio es eliminar lo que queda de focos terroristas en el pa\u00eds, adem\u00e1s de fomentar la reconciliaci\u00f3n local, garantizar el retorno de los desplazados a sus hogares y la reconstrucci\u00f3n.<\/p>\n<p>Las declaraciones de Sabbagh se produjeron durante una reuni\u00f3n el lunes con el embajador pakistan\u00ed en Damasco, Rashed Kamal.<br \/>\nSabbagh espera que las relaciones parlamentarias entre los dos pa\u00edses se reactiven para satisfacer los intereses comunes.<\/p>\n<p>Por su parte, el Embajador afirm\u00f3 el apoyo de su pa\u00eds a la unidad e integridad territorial de Siria, as\u00ed como a la soluci\u00f3n pol\u00edtica a la crisis.<\/p>\n<p>Y.K.<\/p>\n","protected":false},"excerpt":{"rendered":"<p>Damasco-SANA El Presidentes de la Asamblea Popular Hamoudeh Sabbagh afirm\u00f3 que la prioridad del gobierno sirio es eliminar lo que queda de focos terroristas en el pa\u00eds, adem\u00e1s de fomentar la reconciliaci\u00f3n local, garantizar el retorno de los desplazados a sus hogares y la reconstrucci\u00f3n. Las declaraciones de Sabbagh se produjeron durante una reuni\u00f3n el &hellip;<\/p>\n","protected":false},"author":1,"featured_media":83283,"comment_status":"closed","ping_status":"closed","sticky":false,"template":"","format":"standard","meta":{"footnotes":""},"categories":[476,7541],"tags":[],"class_list":["post-83282","post","type-post","status-publish","format-standard","has-post-thumbnail","","category-locales","category-ultimas-noticias"],"_links":{"self":[{"href":"https:\/\/archive.sana.sy\/es\/index.php?rest_route=\/wp\/v2\/posts\/83282"}],"collection":[{"href":"https:\/\/archive.sana.sy\/es\/index.php?rest_route=\/wp\/v2\/posts"}],"about":[{"href":"https:\/\/archive.sana.sy\/es\/index.php?rest_route=\/wp\/v2\/types\/post"}],"author":[{"embeddable":true,"href":"https:\/\/archive.sana.sy\/es\/index.php?rest_route=\/wp\/v2\/users\/1"}],"replies":[{"embeddable":true,"href":"https:\/\/archive.sana.sy\/es\/index.php?rest_route=%2Fwp%2Fv2%2Fcomments&post=83282"}],"version-history":[{"count":0,"href":"https:\/\/archive.sana.sy\/es\/index.php?rest_route=\/wp\/v2\/posts\/83282\/revisions"}],"wp:featuredmedia":[{"embeddable":true,"href":"https:\/\/archive.sana.sy\/es\/index.php?rest_route=\/wp\/v2\/media\/83283"}],"wp:attachment":[{"href":"https:\/\/archive.sana.sy\/es\/index.php?rest_route=%2Fwp%2Fv2%2Fmedia&parent=83282"}],"wp:term":[{"taxonomy":"category","embeddable":true,"href":"https:\/\/archive.sana.sy\/es\/index.php?rest_route=%2Fwp%2Fv2%2Fcategories&post=83282"},{"taxonomy":"post_tag","embeddable":true,"href":"https:\/\/archive.sana.sy\/es\/index.php?rest_route=%2Fwp%2Fv2%2Ftags&post=83282"}],"curies":[{"name":"wp","href":"https:\/\/api.w.org\/{rel}","templated":true}]}}