{"id":83754,"date":"2018-06-08T16:59:05","date_gmt":"2018-06-08T13:59:05","guid":{"rendered":"https:\/\/www.sana.sy\/es\/?p=83754"},"modified":"2018-06-08T16:59:05","modified_gmt":"2018-06-08T13:59:05","slug":"defensa-rusa-la-aviacion-rusa-no-efectuo-ningun-ataque-a-cualquier-sitio-en-idleb-ayer","status":"publish","type":"post","link":"https:\/\/archive.sana.sy\/es\/?p=83754","title":{"rendered":"Defensa rusa: la aviaci\u00f3n rusa no efectu\u00f3 ning\u00fan ataque a cualquier sitio en Idleb ayer"},"content":{"rendered":"<p><span style=\"color: #800000;\">Mosc\u00fa, SANA<\/span><\/p>\n<p>El Ministerio de Defensa ruso afirm\u00f3 que sus fuerzas a\u00e9reas participantes en la guerra contra el terrorismo en Siria no realizaron ning\u00fan ataque a\u00e9reo ayer a cualquier objetivo en la provincia de Idleb.<\/p>\n<p>El ministerio se\u00f1al\u00f3 en una declaraci\u00f3n en su p\u00e1gina web hoy que \u201ctodos las declaraciones del llamado &#8220;Observatorio Sirio de los Derechos Humanos&#8221; y los &#8220;Cascos Blancos&#8221; sobre un presunto ataque a\u00e9rea llevado a cabo por la aviaci\u00f3n rusa anoche cerca del poblado de Zardana en la provincia de Idelb est\u00e1 lejos de la realidad\u201d.<\/p>\n<p>El ministerio se\u00f1al\u00f3 que hay informaciones que confirman haberse ocurrido \u201cferoces batallas entre un grupo grand\u00edsimo de terroristas del Frente al-Nusra y otro grupo llamado \u201cYaesh al- Ahrar\u201d usando la artiller\u00eda pesada &#8220;en la regi\u00f3n de Zardana en el campo de Idleb.<\/p>\n<p>Cabe destacar que Idleb, su campo y partes del campo de Alepo escenifican desde el comienzo del a\u00f1o en curso batallas entre las organizaciones terroristas que utilizan diferentes armas, particularmente artiller\u00eda pesada, lanzacohetes y coches bombadas, as\u00ed como operaciones de liquidaci\u00f3n mutua que caus\u00f3 la muerte de cientos de elementos de ambas partes adem\u00e1s de la muerte de cientos de civiles y la destrucci\u00f3n de sus propiedades privadas, seg\u00fan de reconocen los comit\u00e9s de coordinaci\u00f3n de los propios terroristas.<\/p>\n<p><span style=\"color: #0000ff;\">Dr. A. Shaban<\/span><\/p>\n","protected":false},"excerpt":{"rendered":"<p>Mosc\u00fa, SANA El Ministerio de Defensa ruso afirm\u00f3 que sus fuerzas a\u00e9reas participantes en la guerra contra el terrorismo en Siria no realizaron ning\u00fan ataque a\u00e9reo ayer a cualquier objetivo en la provincia de Idleb. El ministerio se\u00f1al\u00f3 en una declaraci\u00f3n en su p\u00e1gina web hoy que \u201ctodos las declaraciones del llamado &#8220;Observatorio Sirio de &hellip;<\/p>\n","protected":false},"author":1,"featured_media":83755,"comment_status":"closed","ping_status":"closed","sticky":false,"template":"","format":"standard","meta":{"footnotes":""},"categories":[597,573,476,467,7541],"tags":[12101],"class_list":["post-83754","post","type-post","status-publish","format-standard","has-post-thumbnail","","category-cinta-de-noticias","category-la-realidad-de-los-acontecimientos-en-siria","category-locales","category-siria-y-el-mundo","category-ultimas-noticias","tag-defensa-rusa-la-aviacion-rusa-no-efectuo-ningun-ataque-a-cualquier-sitio-en-idleb-ayer"],"_links":{"self":[{"href":"https:\/\/archive.sana.sy\/es\/index.php?rest_route=\/wp\/v2\/posts\/83754"}],"collection":[{"href":"https:\/\/archive.sana.sy\/es\/index.php?rest_route=\/wp\/v2\/posts"}],"about":[{"href":"https:\/\/archive.sana.sy\/es\/index.php?rest_route=\/wp\/v2\/types\/post"}],"author":[{"embeddable":true,"href":"https:\/\/archive.sana.sy\/es\/index.php?rest_route=\/wp\/v2\/users\/1"}],"replies":[{"embeddable":true,"href":"https:\/\/archive.sana.sy\/es\/index.php?rest_route=%2Fwp%2Fv2%2Fcomments&post=83754"}],"version-history":[{"count":0,"href":"https:\/\/archive.sana.sy\/es\/index.php?rest_route=\/wp\/v2\/posts\/83754\/revisions"}],"wp:featuredmedia":[{"embeddable":true,"href":"https:\/\/archive.sana.sy\/es\/index.php?rest_route=\/wp\/v2\/media\/83755"}],"wp:attachment":[{"href":"https:\/\/archive.sana.sy\/es\/index.php?rest_route=%2Fwp%2Fv2%2Fmedia&parent=83754"}],"wp:term":[{"taxonomy":"category","embeddable":true,"href":"https:\/\/archive.sana.sy\/es\/index.php?rest_route=%2Fwp%2Fv2%2Fcategories&post=83754"},{"taxonomy":"post_tag","embeddable":true,"href":"https:\/\/archive.sana.sy\/es\/index.php?rest_route=%2Fwp%2Fv2%2Ftags&post=83754"}],"curies":[{"name":"wp","href":"https:\/\/api.w.org\/{rel}","templated":true}]}}