{"id":83760,"date":"2018-06-08T15:50:11","date_gmt":"2018-06-08T12:50:11","guid":{"rendered":"https:\/\/www.sana.sy\/es\/?p=83760"},"modified":"2018-06-08T17:11:49","modified_gmt":"2018-06-08T14:11:49","slug":"cien-palestinos-sufren-lesiones-por-la-represion-de-la-ocupacion-israeli-contra-la-marcha-del-retorno-y-por-el-dia-internacional-de-jerusalen-en-gaza","status":"publish","type":"post","link":"https:\/\/archive.sana.sy\/es\/?p=83760","title":{"rendered":"Cien palestinos sufren lesiones por la represi\u00f3n de la ocupaci\u00f3n israel\u00ed contra la Marcha del Retorno y por el D\u00eda Internacional de Jerusal\u00e9n en Gaza"},"content":{"rendered":"<p><span style=\"color: #800000;\">Gaza, SANA<\/span><\/p>\n<p>Decenas de miles de palestinos se congregaron cerca de la valla situada entre la Franja de Gaza y los territorios palestinos ocupados en 1948 en el marco de la marcha del retorno y el D\u00eda del Mundial de Jerusal\u00e9n en medio de importantes refuerzos de las fuerzas de ocupaci\u00f3n israel\u00edes.<\/p>\n<p>El Ministerio de la salud palestino dijo que cien palestinos resultaron heridos a manos de las fuerzas de ocupaci\u00f3n israel\u00edes o sufrieron asfixias durante la represi\u00f3n de la Marcha del Retorno y por el D\u00eda Internacional de Jerusal\u00e9n en Gaza.<\/p>\n<p><span style=\"color: #0000ff;\">Dr. A. Shaban<\/span><\/p>\n","protected":false},"excerpt":{"rendered":"<p>Gaza, SANA Decenas de miles de palestinos se congregaron cerca de la valla situada entre la Franja de Gaza y los territorios palestinos ocupados en 1948 en el marco de la marcha del retorno y el D\u00eda del Mundial de Jerusal\u00e9n en medio de importantes refuerzos de las fuerzas de ocupaci\u00f3n israel\u00edes. El Ministerio de &hellip;<\/p>\n","protected":false},"author":1,"featured_media":83761,"comment_status":"closed","ping_status":"closed","sticky":false,"template":"","format":"standard","meta":{"footnotes":""},"categories":[597,456,7541],"tags":[12103],"class_list":["post-83760","post","type-post","status-publish","format-standard","has-post-thumbnail","","category-cinta-de-noticias","category-arabe-internacional-politica","category-ultimas-noticias","tag-cien-palestinos-sufren-lesiones-por-la-represion-de-la-ocupacion-israeli-contra-la-marcha-del-retorno-y-por-el-dia-internacional-de-jerusalen-en-gaza"],"_links":{"self":[{"href":"https:\/\/archive.sana.sy\/es\/index.php?rest_route=\/wp\/v2\/posts\/83760"}],"collection":[{"href":"https:\/\/archive.sana.sy\/es\/index.php?rest_route=\/wp\/v2\/posts"}],"about":[{"href":"https:\/\/archive.sana.sy\/es\/index.php?rest_route=\/wp\/v2\/types\/post"}],"author":[{"embeddable":true,"href":"https:\/\/archive.sana.sy\/es\/index.php?rest_route=\/wp\/v2\/users\/1"}],"replies":[{"embeddable":true,"href":"https:\/\/archive.sana.sy\/es\/index.php?rest_route=%2Fwp%2Fv2%2Fcomments&post=83760"}],"version-history":[{"count":0,"href":"https:\/\/archive.sana.sy\/es\/index.php?rest_route=\/wp\/v2\/posts\/83760\/revisions"}],"wp:featuredmedia":[{"embeddable":true,"href":"https:\/\/archive.sana.sy\/es\/index.php?rest_route=\/wp\/v2\/media\/83761"}],"wp:attachment":[{"href":"https:\/\/archive.sana.sy\/es\/index.php?rest_route=%2Fwp%2Fv2%2Fmedia&parent=83760"}],"wp:term":[{"taxonomy":"category","embeddable":true,"href":"https:\/\/archive.sana.sy\/es\/index.php?rest_route=%2Fwp%2Fv2%2Fcategories&post=83760"},{"taxonomy":"post_tag","embeddable":true,"href":"https:\/\/archive.sana.sy\/es\/index.php?rest_route=%2Fwp%2Fv2%2Ftags&post=83760"}],"curies":[{"name":"wp","href":"https:\/\/api.w.org\/{rel}","templated":true}]}}