{"id":83766,"date":"2018-06-09T12:47:44","date_gmt":"2018-06-09T09:47:44","guid":{"rendered":"https:\/\/www.sana.sy\/es\/?p=83766"},"modified":"2018-06-09T14:05:10","modified_gmt":"2018-06-09T11:05:10","slug":"ministerio-de-defensa-ruso-afirma-que-daesh-se-ve-en-siria-solo-en-las-zonas-donde-hay-presencia-de-eeuu","status":"publish","type":"post","link":"https:\/\/archive.sana.sy\/es\/?p=83766","title":{"rendered":"Ministerio de Defensa ruso afirma que Daesh se ve en Siria solo en las zonas donde hay presencia de EEUU"},"content":{"rendered":"<p>&nbsp;<\/p>\n<p><span style=\"color: #800000;\">Mosc\u00fa- SANA<\/span><\/p>\n<p>El ministerio de Defensa ruso afirm\u00f3 que las agrupaciones de los terroristas de Daesh en Siria se ven solo en las zonas donde est\u00e1n presentes las fuerzas de EEUU.<\/p>\n<p>El portavoz del ministerio, Igor Konashenkov, se\u00f1al\u00f3 que todos los focos de Daesh en Siria solo est\u00e1n en las zonas de despliegue de las fuerzas estadounidenses, y aclar\u00f3 que la aparici\u00f3n de Daesh fue un resultado de la invasi\u00f3n de EEUU a Irak.<\/p>\n<p>Konashenkov dijo que la verdadera tragedia del pueblo sirio se ve en la zona de al Tanef, y al Raqqa, donde est\u00e1n desplegadas de forma ilegal las fuerzas de EEUU.<\/p>\n<p>La mayor\u00eda de las armas y municiones enviadas de Washington, con valor de de cientos de millones de d\u00f3lares a lo que denominan \u201cOposici\u00f3n Moderada\u201d, cay\u00f3 en manos de los terroristas de Daesh y del Frente de al Nusra, cuyos objetivos coinciden con la pol\u00edtica de Washington.<\/p>\n<p>El portavoz del ministerio ruso aclar\u00f3 que la vida volvi\u00f3 a su normalidad en las zonas que recuperaron la seguridad y la estabilidad despu\u00e9s de acabar con la presencia terrorista en ella, y los habitantes empezaron a reactivar los mercados, las escuelas, y las guarder\u00edas.<\/p>\n<p>&nbsp;<\/p>\n<p><span style=\"color: #0000ff;\">Akram. S<\/span><\/p>\n","protected":false},"excerpt":{"rendered":"<p>&nbsp; Mosc\u00fa- SANA El ministerio de Defensa ruso afirm\u00f3 que las agrupaciones de los terroristas de Daesh en Siria se ven solo en las zonas donde est\u00e1n presentes las fuerzas de EEUU. El portavoz del ministerio, Igor Konashenkov, se\u00f1al\u00f3 que todos los focos de Daesh en Siria solo est\u00e1n en las zonas de despliegue de &hellip;<\/p>\n","protected":false},"author":1,"featured_media":83770,"comment_status":"closed","ping_status":"closed","sticky":false,"template":"","format":"standard","meta":{"footnotes":""},"categories":[597,573,467,583,7541],"tags":[],"class_list":["post-83766","post","type-post","status-publish","format-standard","has-post-thumbnail","","category-cinta-de-noticias","category-la-realidad-de-los-acontecimientos-en-siria","category-siria-y-el-mundo","category-slide","category-ultimas-noticias"],"_links":{"self":[{"href":"https:\/\/archive.sana.sy\/es\/index.php?rest_route=\/wp\/v2\/posts\/83766"}],"collection":[{"href":"https:\/\/archive.sana.sy\/es\/index.php?rest_route=\/wp\/v2\/posts"}],"about":[{"href":"https:\/\/archive.sana.sy\/es\/index.php?rest_route=\/wp\/v2\/types\/post"}],"author":[{"embeddable":true,"href":"https:\/\/archive.sana.sy\/es\/index.php?rest_route=\/wp\/v2\/users\/1"}],"replies":[{"embeddable":true,"href":"https:\/\/archive.sana.sy\/es\/index.php?rest_route=%2Fwp%2Fv2%2Fcomments&post=83766"}],"version-history":[{"count":0,"href":"https:\/\/archive.sana.sy\/es\/index.php?rest_route=\/wp\/v2\/posts\/83766\/revisions"}],"wp:featuredmedia":[{"embeddable":true,"href":"https:\/\/archive.sana.sy\/es\/index.php?rest_route=\/wp\/v2\/media\/83770"}],"wp:attachment":[{"href":"https:\/\/archive.sana.sy\/es\/index.php?rest_route=%2Fwp%2Fv2%2Fmedia&parent=83766"}],"wp:term":[{"taxonomy":"category","embeddable":true,"href":"https:\/\/archive.sana.sy\/es\/index.php?rest_route=%2Fwp%2Fv2%2Fcategories&post=83766"},{"taxonomy":"post_tag","embeddable":true,"href":"https:\/\/archive.sana.sy\/es\/index.php?rest_route=%2Fwp%2Fv2%2Ftags&post=83766"}],"curies":[{"name":"wp","href":"https:\/\/api.w.org\/{rel}","templated":true}]}}