{"id":83780,"date":"2018-06-09T14:27:41","date_gmt":"2018-06-09T11:27:41","guid":{"rendered":"https:\/\/www.sana.sy\/es\/?p=83780"},"modified":"2018-06-09T14:27:41","modified_gmt":"2018-06-09T11:27:41","slug":"el-ministro-de-informacion-afirma-que-lo-que-sufren-siria-y-cuba-es-por-su-rechazo-a-la-hegemonia-de-eeuu","status":"publish","type":"post","link":"https:\/\/archive.sana.sy\/es\/?p=83780","title":{"rendered":"El ministro de Informaci\u00f3n afirma que lo que sufren Siria y Cuba es por su rechazo a la hegemon\u00eda de EEUU"},"content":{"rendered":"<p>&nbsp;<\/p>\n<p><span style=\"color: #800000;\">Habana-SANA<\/span><\/p>\n<p>El ministerio de Informaci\u00f3n, Imad Sara, afirm\u00f3 que lo que sufre Siria y Cuba es el resultado de su rechazo a someterse a la hegemon\u00eda estadounidense y su poder\u00edo militar, y a\u00f1adi\u00f3 que la guerra terrorista contra Siria es una guerra compuesta, en la que se emplearon m\u00e9todos militaras, econ\u00f3micos, diplom\u00e1ticos y medi\u00e1ticos.<\/p>\n<p>En un discurso pronunciado durante la Conferencia Internacional de Radiotelevisi\u00f3n en la capital cubana, el ministro de Informaci\u00f3n aclar\u00f3 que en la guerra medi\u00e1tica contra Siria fueron utilizadas todas las t\u00e9cnicas de desinformaci\u00f3n, y falsificaci\u00f3n de la verdad, para distorsionar la realidad de la situaci\u00f3n en Siria.<\/p>\n<p>En el mismo contexto, fue exhibido un cortometraje sobre el rol destacado de los medios de comunicaci\u00f3n sirios para enfrentarse a la guerra medi\u00e1tica.<\/p>\n<p><span style=\"color: #0000ff;\">Akram. S<\/span><\/p>\n","protected":false},"excerpt":{"rendered":"<p>&nbsp; Habana-SANA El ministerio de Informaci\u00f3n, Imad Sara, afirm\u00f3 que lo que sufre Siria y Cuba es el resultado de su rechazo a someterse a la hegemon\u00eda estadounidense y su poder\u00edo militar, y a\u00f1adi\u00f3 que la guerra terrorista contra Siria es una guerra compuesta, en la que se emplearon m\u00e9todos militaras, econ\u00f3micos, diplom\u00e1ticos y medi\u00e1ticos. &hellip;<\/p>\n","protected":false},"author":1,"featured_media":83781,"comment_status":"closed","ping_status":"closed","sticky":false,"template":"","format":"standard","meta":{"footnotes":""},"categories":[597,467,7541],"tags":[],"class_list":["post-83780","post","type-post","status-publish","format-standard","has-post-thumbnail","","category-cinta-de-noticias","category-siria-y-el-mundo","category-ultimas-noticias"],"_links":{"self":[{"href":"https:\/\/archive.sana.sy\/es\/index.php?rest_route=\/wp\/v2\/posts\/83780"}],"collection":[{"href":"https:\/\/archive.sana.sy\/es\/index.php?rest_route=\/wp\/v2\/posts"}],"about":[{"href":"https:\/\/archive.sana.sy\/es\/index.php?rest_route=\/wp\/v2\/types\/post"}],"author":[{"embeddable":true,"href":"https:\/\/archive.sana.sy\/es\/index.php?rest_route=\/wp\/v2\/users\/1"}],"replies":[{"embeddable":true,"href":"https:\/\/archive.sana.sy\/es\/index.php?rest_route=%2Fwp%2Fv2%2Fcomments&post=83780"}],"version-history":[{"count":0,"href":"https:\/\/archive.sana.sy\/es\/index.php?rest_route=\/wp\/v2\/posts\/83780\/revisions"}],"wp:featuredmedia":[{"embeddable":true,"href":"https:\/\/archive.sana.sy\/es\/index.php?rest_route=\/wp\/v2\/media\/83781"}],"wp:attachment":[{"href":"https:\/\/archive.sana.sy\/es\/index.php?rest_route=%2Fwp%2Fv2%2Fmedia&parent=83780"}],"wp:term":[{"taxonomy":"category","embeddable":true,"href":"https:\/\/archive.sana.sy\/es\/index.php?rest_route=%2Fwp%2Fv2%2Fcategories&post=83780"},{"taxonomy":"post_tag","embeddable":true,"href":"https:\/\/archive.sana.sy\/es\/index.php?rest_route=%2Fwp%2Fv2%2Ftags&post=83780"}],"curies":[{"name":"wp","href":"https:\/\/api.w.org\/{rel}","templated":true}]}}