{"id":83787,"date":"2018-06-09T15:54:54","date_gmt":"2018-06-09T12:54:54","guid":{"rendered":"https:\/\/www.sana.sy\/es\/?p=83787"},"modified":"2018-06-09T15:54:54","modified_gmt":"2018-06-09T12:54:54","slug":"fuerzas-de-seguridad-iraquies-aniquilan-a-tres-terroristas-al-suroeste-de-kirkuk","status":"publish","type":"post","link":"https:\/\/archive.sana.sy\/es\/?p=83787","title":{"rendered":"Fuerzas de seguridad iraqu\u00edes aniquilan a tres terroristas al suroeste de Kirkuk"},"content":{"rendered":"<p>&nbsp;<\/p>\n<p><span style=\"color: #800000;\">Bagdad-SANA<\/span><\/p>\n<p>Las fuerzas de seguridad iraqu\u00edes aniquilaron a tres terroristas durante una emboscada al suroeste de Kirkuk, al norte de Irak.<\/p>\n<p>Una fuente de seguridad dijo que las fuerzas de polic\u00eda acabaron durante una emboscada con tres terroristas cuando intentaban desplazarse hacia la localidad de al Riad, perteneciente a la regi\u00f3n de al Hweija, al suroeste de Kirkuk.<\/p>\n<p>La fuente, que solicit\u00f3 el anonimato, a\u00f1adi\u00f3 que gracias a informaciones muy precisas se lleg\u00f3 a aniquilar a estos terroristas.<\/p>\n<p><span style=\"color: #0000ff;\">Akram. S<\/span><\/p>\n","protected":false},"excerpt":{"rendered":"<p>&nbsp; Bagdad-SANA Las fuerzas de seguridad iraqu\u00edes aniquilaron a tres terroristas durante una emboscada al suroeste de Kirkuk, al norte de Irak. Una fuente de seguridad dijo que las fuerzas de polic\u00eda acabaron durante una emboscada con tres terroristas cuando intentaban desplazarse hacia la localidad de al Riad, perteneciente a la regi\u00f3n de al Hweija, &hellip;<\/p>\n","protected":false},"author":1,"featured_media":83788,"comment_status":"closed","ping_status":"closed","sticky":false,"template":"","format":"standard","meta":{"footnotes":""},"categories":[597,456,7541],"tags":[],"class_list":["post-83787","post","type-post","status-publish","format-standard","has-post-thumbnail","","category-cinta-de-noticias","category-arabe-internacional-politica","category-ultimas-noticias"],"_links":{"self":[{"href":"https:\/\/archive.sana.sy\/es\/index.php?rest_route=\/wp\/v2\/posts\/83787"}],"collection":[{"href":"https:\/\/archive.sana.sy\/es\/index.php?rest_route=\/wp\/v2\/posts"}],"about":[{"href":"https:\/\/archive.sana.sy\/es\/index.php?rest_route=\/wp\/v2\/types\/post"}],"author":[{"embeddable":true,"href":"https:\/\/archive.sana.sy\/es\/index.php?rest_route=\/wp\/v2\/users\/1"}],"replies":[{"embeddable":true,"href":"https:\/\/archive.sana.sy\/es\/index.php?rest_route=%2Fwp%2Fv2%2Fcomments&post=83787"}],"version-history":[{"count":0,"href":"https:\/\/archive.sana.sy\/es\/index.php?rest_route=\/wp\/v2\/posts\/83787\/revisions"}],"wp:featuredmedia":[{"embeddable":true,"href":"https:\/\/archive.sana.sy\/es\/index.php?rest_route=\/wp\/v2\/media\/83788"}],"wp:attachment":[{"href":"https:\/\/archive.sana.sy\/es\/index.php?rest_route=%2Fwp%2Fv2%2Fmedia&parent=83787"}],"wp:term":[{"taxonomy":"category","embeddable":true,"href":"https:\/\/archive.sana.sy\/es\/index.php?rest_route=%2Fwp%2Fv2%2Fcategories&post=83787"},{"taxonomy":"post_tag","embeddable":true,"href":"https:\/\/archive.sana.sy\/es\/index.php?rest_route=%2Fwp%2Fv2%2Ftags&post=83787"}],"curies":[{"name":"wp","href":"https:\/\/api.w.org\/{rel}","templated":true}]}}