{"id":83825,"date":"2018-06-10T12:01:57","date_gmt":"2018-06-10T09:01:57","guid":{"rendered":"https:\/\/www.sana.sy\/es\/?p=83825"},"modified":"2023-01-10T15:35:05","modified_gmt":"2023-01-10T13:35:05","slug":"titulares-de-los-diarios-sirios-publicados-este-domingo-3","status":"publish","type":"post","link":"https:\/\/archive.sana.sy\/es\/?p=83825","title":{"rendered":"Titulares de los diarios sirios publicados este domingo"},"content":{"rendered":"<p><span style=\"color: #800000;\">Damasco, SANA<\/span><\/p>\n<p>Los principales diarios nacionales sirios destacaron los siguientes titulares:<\/p>\n<p>&#8211; Presidente Al-Assad concede entrevista al diario brit\u00e1nico &#8220;The Mail on Sunday&#8221; y califica de invasi\u00f3n a presencia brit\u00e1nica y estadounidense en Siria.<\/p>\n<p>&#8211; Al-Assad afirma que Gran Breta\u00f1a, Francia y Estados Unidos siguen adoptando la misma pol\u00edtica agresiva contra Siria.<\/p>\n<p>&#8211; Primer Ministro pide a las empresas rusas participar en la fase de reconstrucci\u00f3n en Siria.<\/p>\n<p>&#8211; Khamis expresa aprecio del gobierno sirio a Rusia por su postura de apoyo al pueblo sirio.<\/p>\n<p>&#8211; Siria cuenta con ambiente favorable para inversiones, especialmente despu\u00e9s de la emisi\u00f3n de la nueva ley de inversi\u00f3n.<\/p>\n<p>&#8211; Ministerio de Defensa ruso denuncia que el Daesh en Siria se ven solo en las zonas controladas por las fuerzas de EEUU.<\/p>\n<p>&#8211; Mosc\u00fa denuncia que la mayor\u00eda de las armas y municiones enviadas por Washington a Siria cayeron en manos del Daesh y Al-Nousra.<\/p>\n<p>&#8211; Ministro de Informaci\u00f3n afirma que lo que sufren Siria y Cuba se debe a su rechazo a la hegemon\u00eda de EEUU.<\/p>\n<p>&#8211; Autoridades competentes hallaron un almac\u00e9n lleno de bombas y m\u00e1s de 100 proyectiles de mortero, en el este de Homs.<\/p>\n<p>&#8211; Presidente del Parlamento se re\u00fane asegura con delegaci\u00f3n rusa y afirma que Mosc\u00fa y Damasco son socios en el logro de victorias y en la reconstrucci\u00f3n.<\/p>\n<p>&#8211; Putin: Mosc\u00fa y Teher\u00e1n est\u00e1n cooperando para llegar a una soluci\u00f3n a la crisis en Siria.<\/p>\n<p>&#8211; Pobladores del pueblo de Um Sharshouh en Homs reitera voluntad de trabajar para reconstruir lo que fue destruido por el terrorismo.<\/p>\n<p>&#8211; El ni\u00f1o sirio Yazen Taha es el primer comentarista deportivo en el Programa Mundial de Amistad.<\/p>\n<p>&#8211; Muere una persona y otras 23 resultaron heridas en un atentado terrorista en la provincia de Diyala.<\/p>\n<p>&#8211; La Guardia Revolucionaria de Ir\u00e1n elimina a una red terrorista en el noroeste del pa\u00eds.<\/p>\n<p>&#8211; Damosh: la resistencia es la elecci\u00f3n correcta que restaurar\u00e1 la tierra y los derechos.<\/p>\n<p>&#8211; Lavrov responde a Trump y dice que Mosc\u00fa no pidi\u00f3 volver al G-8.<\/p>\n<p>&#8211; Ex presidente del L\u00edbano, Emil Lahoud, afirma que la resistencia es una necesidad nacional para el L\u00edbano.<\/p>\n<p>&#8211; Mosc\u00fa afirma estar dispuesto siempre para un di\u00e1logo serio con Teher\u00e1n sobre su programa nuclear.<\/p>\n<p>&#8211; Parlamentario iran\u00ed dice que la construcci\u00f3n de la presa de Alesso en Turqu\u00eda viola las convenciones internacionales.<\/p>\n<p>&#8211; Las fuerzas de seguridad iraqu\u00edes matan a tres terroristas al suroeste de Kirkuk.<\/p>\n<p>&#8211; Lavrov llama por la paz y la estabilidad en el noreste de Asia.<\/p>\n<p>&#8211; La cumbre del G-7 muestra el aislamiento de Washington.<\/p>\n<p>&#8211; La compa\u00f1\u00eda siria Sham Wings abre su oficina en Mosc\u00fa.<\/p>\n<p>&#8211; Haj Hassan dice que la construcci\u00f3n de Siria es un inter\u00e9s para la econom\u00eda y la inversi\u00f3n en L\u00edbano.<\/p>\n<p>&#8211; Jefe del Estado Mayor ruso analiza con su hom\u00f3logo estadounidense la crisis en Siria.<\/p>\n<p><span style=\"color: #0000ff;\">F. Marouf\/ Dr. A. Shaban<\/span><\/p>\n","protected":false},"excerpt":{"rendered":"<p>Damasco, SANA Los principales diarios nacionales sirios destacaron los siguientes titulares: &#8211; Presidente Al-Assad concede entrevista al diario brit\u00e1nico &#8220;The Mail on Sunday&#8221; y califica de invasi\u00f3n a presencia brit\u00e1nica y estadounidense en Siria. &#8211; Al-Assad afirma que Gran Breta\u00f1a, Francia y Estados Unidos siguen adoptando la misma pol\u00edtica agresiva contra Siria. &#8211; Primer Ministro &hellip;<\/p>\n","protected":false},"author":1,"featured_media":83826,"comment_status":"closed","ping_status":"closed","sticky":false,"template":"","format":"standard","meta":{"footnotes":""},"categories":[447,555,597,7541],"tags":[5104],"class_list":["post-83825","post","type-post","status-publish","format-standard","has-post-thumbnail","","category-local-politica","category-prensa","category-cinta-de-noticias","category-ultimas-noticias","tag-titulares-de-los-diarios-sirios-publicados-este-domingo"],"_links":{"self":[{"href":"https:\/\/archive.sana.sy\/es\/index.php?rest_route=\/wp\/v2\/posts\/83825"}],"collection":[{"href":"https:\/\/archive.sana.sy\/es\/index.php?rest_route=\/wp\/v2\/posts"}],"about":[{"href":"https:\/\/archive.sana.sy\/es\/index.php?rest_route=\/wp\/v2\/types\/post"}],"author":[{"embeddable":true,"href":"https:\/\/archive.sana.sy\/es\/index.php?rest_route=\/wp\/v2\/users\/1"}],"replies":[{"embeddable":true,"href":"https:\/\/archive.sana.sy\/es\/index.php?rest_route=%2Fwp%2Fv2%2Fcomments&post=83825"}],"version-history":[{"count":0,"href":"https:\/\/archive.sana.sy\/es\/index.php?rest_route=\/wp\/v2\/posts\/83825\/revisions"}],"wp:featuredmedia":[{"embeddable":true,"href":"https:\/\/archive.sana.sy\/es\/index.php?rest_route=\/wp\/v2\/media\/83826"}],"wp:attachment":[{"href":"https:\/\/archive.sana.sy\/es\/index.php?rest_route=%2Fwp%2Fv2%2Fmedia&parent=83825"}],"wp:term":[{"taxonomy":"category","embeddable":true,"href":"https:\/\/archive.sana.sy\/es\/index.php?rest_route=%2Fwp%2Fv2%2Fcategories&post=83825"},{"taxonomy":"post_tag","embeddable":true,"href":"https:\/\/archive.sana.sy\/es\/index.php?rest_route=%2Fwp%2Fv2%2Ftags&post=83825"}],"curies":[{"name":"wp","href":"https:\/\/api.w.org\/{rel}","templated":true}]}}