{"id":83842,"date":"2018-06-10T15:41:06","date_gmt":"2018-06-10T12:41:06","guid":{"rendered":"https:\/\/www.sana.sy\/es\/?p=83842"},"modified":"2018-06-10T18:42:26","modified_gmt":"2018-06-10T15:42:26","slug":"nino-comentarista-deportivo-sirio-participa-en-el-programa-football-for-friendship","status":"publish","type":"post","link":"https:\/\/archive.sana.sy\/es\/?p=83842","title":{"rendered":"Ni\u00f1o comentarista deportivo sirio participa en el Programa \u201cFootball for Friendship\u201d"},"content":{"rendered":"<p>Mosc\u00fa-SANA<\/p>\n<p>Yazen Taha, un ni\u00f1o sirio de 11 a\u00f1os que posee un talento \u00fanico en la alocuci\u00f3n deportiva, participar\u00e1 en el programa \u201cFootball for Friendship\u201d (F\u00fatbol por la Amistad, o \u201cF4F\u201d por su abreviatura en ingl\u00e9s), un evento que se desarrolla en Rusia en paralelo a la apertura de la Copa del Mundo y en el que participan ni\u00f1os de 211 pa\u00edses.<\/p>\n<p>El menor Yazan est\u00e1 residenciado junto con su familia en Kuwait, m\u00e1s eso no impidi\u00f3 que fuera elegido por la Federaci\u00f3n General Siria de Deportes para representar a su pa\u00eds en las actividades del Programa, donde Yazan ser\u00e1 el principal comentarista deportivo en \u00e1rabe e ingl\u00e9s.<\/p>\n<p>El Programa F4F incluye actividades culturales, educativas, deportivas y sociales, y la participaci\u00f3n en el partido inaugural de la Copa del Mundo.<\/p>\n<p>&nbsp;<\/p>\n<p>Y.K.<\/p>\n","protected":false},"excerpt":{"rendered":"<p>Mosc\u00fa-SANA Yazen Taha, un ni\u00f1o sirio de 11 a\u00f1os que posee un talento \u00fanico en la alocuci\u00f3n deportiva, participar\u00e1 en el programa \u201cFootball for Friendship\u201d (F\u00fatbol por la Amistad, o \u201cF4F\u201d por su abreviatura en ingl\u00e9s), un evento que se desarrolla en Rusia en paralelo a la apertura de la Copa del Mundo y en &hellip;<\/p>\n","protected":false},"author":1,"featured_media":83843,"comment_status":"closed","ping_status":"closed","sticky":false,"template":"","format":"standard","meta":{"footnotes":""},"categories":[467,7541],"tags":[],"class_list":["post-83842","post","type-post","status-publish","format-standard","has-post-thumbnail","","category-siria-y-el-mundo","category-ultimas-noticias"],"_links":{"self":[{"href":"https:\/\/archive.sana.sy\/es\/index.php?rest_route=\/wp\/v2\/posts\/83842"}],"collection":[{"href":"https:\/\/archive.sana.sy\/es\/index.php?rest_route=\/wp\/v2\/posts"}],"about":[{"href":"https:\/\/archive.sana.sy\/es\/index.php?rest_route=\/wp\/v2\/types\/post"}],"author":[{"embeddable":true,"href":"https:\/\/archive.sana.sy\/es\/index.php?rest_route=\/wp\/v2\/users\/1"}],"replies":[{"embeddable":true,"href":"https:\/\/archive.sana.sy\/es\/index.php?rest_route=%2Fwp%2Fv2%2Fcomments&post=83842"}],"version-history":[{"count":0,"href":"https:\/\/archive.sana.sy\/es\/index.php?rest_route=\/wp\/v2\/posts\/83842\/revisions"}],"wp:featuredmedia":[{"embeddable":true,"href":"https:\/\/archive.sana.sy\/es\/index.php?rest_route=\/wp\/v2\/media\/83843"}],"wp:attachment":[{"href":"https:\/\/archive.sana.sy\/es\/index.php?rest_route=%2Fwp%2Fv2%2Fmedia&parent=83842"}],"wp:term":[{"taxonomy":"category","embeddable":true,"href":"https:\/\/archive.sana.sy\/es\/index.php?rest_route=%2Fwp%2Fv2%2Fcategories&post=83842"},{"taxonomy":"post_tag","embeddable":true,"href":"https:\/\/archive.sana.sy\/es\/index.php?rest_route=%2Fwp%2Fv2%2Ftags&post=83842"}],"curies":[{"name":"wp","href":"https:\/\/api.w.org\/{rel}","templated":true}]}}