{"id":83896,"date":"2018-06-12T09:02:04","date_gmt":"2018-06-12T06:02:04","guid":{"rendered":"https:\/\/www.sana.sy\/es\/?p=83896"},"modified":"2018-06-12T09:46:15","modified_gmt":"2018-06-12T06:46:15","slug":"canciller-libanes-siria-y-el-libano-se-necesitan-mutuamente","status":"publish","type":"post","link":"https:\/\/archive.sana.sy\/es\/?p=83896","title":{"rendered":"Canciller liban\u00e9s: Siria y el L\u00edbano se necesitan mutuamente"},"content":{"rendered":"<p><span style=\"color: #800000;\">Beirut, SANA<\/span><\/p>\n<p>El Ministro de Exteriores y Expatriados en el L\u00edbano, Gebran Bassil, critic\u00f3 la posici\u00f3n de algunos pa\u00edses y organizaciones internacionales que amenazan con poner fin a la ayuda al L\u00edbano tras las medidas del gobierno liban\u00e9s que impulsan a los refugiados sirios para volver a su pa\u00eds.<\/p>\n<p>En unas palabras pronunciadas en una ceremonia de Iftar, Bassil dijo: &#8220;todo el mundo comenz\u00f3 a abrir sus canales con Siria para la reconstrucci\u00f3n, mientras amenazan al L\u00edbano con detener la ayuda a los refugiados&#8221;, se\u00f1alando que los dos pa\u00edses se necesitan mutuamente.<\/p>\n<p>La canciller\u00eda libanesa hab\u00eda confirmado en un comunicado que el contenido de la declaraci\u00f3n del Alto Comisionado de las Naciones Unidas para Refugiados sobre el retorno de los refugiados sirios ni siquiera incluye un peque\u00f1o modelo del retorno voluntario seguro y digno que es compatible con todas las normas internacionales humanitarias, e incluso esta declaraci\u00f3n intimida a los refugiados de cualquier tipo de retorno.<\/p>\n<p><span style=\"color: #0000ff;\">F. Marouf\/ Dr. A. Shaban<\/span><\/p>\n","protected":false},"excerpt":{"rendered":"<p>Beirut, SANA El Ministro de Exteriores y Expatriados en el L\u00edbano, Gebran Bassil, critic\u00f3 la posici\u00f3n de algunos pa\u00edses y organizaciones internacionales que amenazan con poner fin a la ayuda al L\u00edbano tras las medidas del gobierno liban\u00e9s que impulsan a los refugiados sirios para volver a su pa\u00eds. En unas palabras pronunciadas en una &hellip;<\/p>\n","protected":false},"author":1,"featured_media":83897,"comment_status":"closed","ping_status":"closed","sticky":false,"template":"","format":"standard","meta":{"footnotes":""},"categories":[597,456,7541],"tags":[12114],"class_list":["post-83896","post","type-post","status-publish","format-standard","has-post-thumbnail","","category-cinta-de-noticias","category-arabe-internacional-politica","category-ultimas-noticias","tag-canciller-libanes-siria-y-el-libano-se-necesitan-mutuamente"],"_links":{"self":[{"href":"https:\/\/archive.sana.sy\/es\/index.php?rest_route=\/wp\/v2\/posts\/83896"}],"collection":[{"href":"https:\/\/archive.sana.sy\/es\/index.php?rest_route=\/wp\/v2\/posts"}],"about":[{"href":"https:\/\/archive.sana.sy\/es\/index.php?rest_route=\/wp\/v2\/types\/post"}],"author":[{"embeddable":true,"href":"https:\/\/archive.sana.sy\/es\/index.php?rest_route=\/wp\/v2\/users\/1"}],"replies":[{"embeddable":true,"href":"https:\/\/archive.sana.sy\/es\/index.php?rest_route=%2Fwp%2Fv2%2Fcomments&post=83896"}],"version-history":[{"count":0,"href":"https:\/\/archive.sana.sy\/es\/index.php?rest_route=\/wp\/v2\/posts\/83896\/revisions"}],"wp:featuredmedia":[{"embeddable":true,"href":"https:\/\/archive.sana.sy\/es\/index.php?rest_route=\/wp\/v2\/media\/83897"}],"wp:attachment":[{"href":"https:\/\/archive.sana.sy\/es\/index.php?rest_route=%2Fwp%2Fv2%2Fmedia&parent=83896"}],"wp:term":[{"taxonomy":"category","embeddable":true,"href":"https:\/\/archive.sana.sy\/es\/index.php?rest_route=%2Fwp%2Fv2%2Fcategories&post=83896"},{"taxonomy":"post_tag","embeddable":true,"href":"https:\/\/archive.sana.sy\/es\/index.php?rest_route=%2Fwp%2Fv2%2Ftags&post=83896"}],"curies":[{"name":"wp","href":"https:\/\/api.w.org\/{rel}","templated":true}]}}