{"id":83952,"date":"2018-06-13T16:14:24","date_gmt":"2018-06-13T13:14:24","guid":{"rendered":"https:\/\/www.sana.sy\/es\/?p=83952"},"modified":"2018-06-13T16:14:24","modified_gmt":"2018-06-13T13:14:24","slug":"damasco-pide-reapertura-del-cruce-fronterizo-entre-siria-e-irak","status":"publish","type":"post","link":"https:\/\/archive.sana.sy\/es\/?p=83952","title":{"rendered":"Damasco pide reapertura del cruce fronterizo entre Siria e Irak"},"content":{"rendered":"<p><span style=\"color: #800000\">Bagdad, SANA<\/span><\/p>\n<p>El Viceprimer Ministro y ministro de Exteriores y Expatriados, Walid Al-Moallem, envi\u00f3 un mensaje a su hom\u00f3logo iraqu\u00ed, Ibrahim Al-Jaafari, en la que pidi\u00f3 la intensificaci\u00f3n de los esfuerzos para la reapertura del cruce fronterizo entre Siria e Irak, entre las ciudades de Bukamal y Qaem.<\/p>\n<p>De acuerdo a la p\u00e1gina web del Ministerio de Exteriores iraqu\u00ed, el embajador sirio en Bagdad, Sttam Yaddan, transmiti\u00f3 el mensaje del canciller sirio a su hom\u00f3logo iraqu\u00ed, durante una reuni\u00f3n sostenida en la capital Bagdad.<\/p>\n<p>El jefe de la diplomacia iraqu\u00ed destac\u00f3 durante la reuni\u00f3n la necesidad de coordinar las posiciones y la cooperaci\u00f3n entre los dos pa\u00edses con el fin de aliviar los problemas mediante el alcance de soluciones pol\u00edticas y no intervenir en los asuntos de los estados.<\/p>\n<p>Por su parte, el embajador sirio elogi\u00f3 las posturas de Irak en apoyo a la resoluci\u00f3n pac\u00edfica de la crisis en Siria y expres\u00f3 el deseo del gobierno sirio de fortalecer la cooperaci\u00f3n bilateral entre los dos pa\u00edses.<\/p>\n<p>Fady M., Lynn A.<\/p>\n","protected":false},"excerpt":{"rendered":"<p>Bagdad, SANA El Viceprimer Ministro y ministro de Exteriores y Expatriados, Walid Al-Moallem, envi\u00f3 un mensaje a su hom\u00f3logo iraqu\u00ed, Ibrahim Al-Jaafari, en la que pidi\u00f3 la intensificaci\u00f3n de los esfuerzos para la reapertura del cruce fronterizo entre Siria e Irak, entre las ciudades de Bukamal y Qaem. De acuerdo a la p\u00e1gina web del &hellip;<\/p>\n","protected":false},"author":24,"featured_media":83953,"comment_status":"closed","ping_status":"closed","sticky":false,"template":"","format":"standard","meta":{"footnotes":""},"categories":[467,7541],"tags":[],"class_list":["post-83952","post","type-post","status-publish","format-standard","has-post-thumbnail","","category-siria-y-el-mundo","category-ultimas-noticias"],"_links":{"self":[{"href":"https:\/\/archive.sana.sy\/es\/index.php?rest_route=\/wp\/v2\/posts\/83952"}],"collection":[{"href":"https:\/\/archive.sana.sy\/es\/index.php?rest_route=\/wp\/v2\/posts"}],"about":[{"href":"https:\/\/archive.sana.sy\/es\/index.php?rest_route=\/wp\/v2\/types\/post"}],"author":[{"embeddable":true,"href":"https:\/\/archive.sana.sy\/es\/index.php?rest_route=\/wp\/v2\/users\/24"}],"replies":[{"embeddable":true,"href":"https:\/\/archive.sana.sy\/es\/index.php?rest_route=%2Fwp%2Fv2%2Fcomments&post=83952"}],"version-history":[{"count":0,"href":"https:\/\/archive.sana.sy\/es\/index.php?rest_route=\/wp\/v2\/posts\/83952\/revisions"}],"wp:featuredmedia":[{"embeddable":true,"href":"https:\/\/archive.sana.sy\/es\/index.php?rest_route=\/wp\/v2\/media\/83953"}],"wp:attachment":[{"href":"https:\/\/archive.sana.sy\/es\/index.php?rest_route=%2Fwp%2Fv2%2Fmedia&parent=83952"}],"wp:term":[{"taxonomy":"category","embeddable":true,"href":"https:\/\/archive.sana.sy\/es\/index.php?rest_route=%2Fwp%2Fv2%2Fcategories&post=83952"},{"taxonomy":"post_tag","embeddable":true,"href":"https:\/\/archive.sana.sy\/es\/index.php?rest_route=%2Fwp%2Fv2%2Ftags&post=83952"}],"curies":[{"name":"wp","href":"https:\/\/api.w.org\/{rel}","templated":true}]}}