{"id":83961,"date":"2018-06-13T17:41:05","date_gmt":"2018-06-13T14:41:05","guid":{"rendered":"https:\/\/www.sana.sy\/es\/?p=83961"},"modified":"2018-06-13T21:50:53","modified_gmt":"2018-06-13T18:50:53","slug":"victimas-mortales-y-heridos-en-ataques-terroristas-con-mortero-contra-ciudad-de-alepo","status":"publish","type":"post","link":"https:\/\/archive.sana.sy\/es\/?p=83961","title":{"rendered":"V\u00edctimas mortales y heridos en ataques terroristas con mortero contra ciudad de Alepo"},"content":{"rendered":"<p><span style=\"color: #800000\">Alepo, SANA<\/span><\/p>\n<p>Tres personas perdieron la vida y otras ocho resultaron heridas, entre ellos ni\u00f1os, en ataques terroristas con proyectiles contra el barrio de Share\u00b4a Tishin en la ciudad de Alepo, seg\u00fan inform\u00f3 una fuente policial.<\/p>\n<p>El reportero de SANA se\u00f1al\u00f3 que el n\u00famero de m\u00e1rtires es propicio a aumentar debido a que existen varios heridos de gravedad.<\/p>\n<p>A\u00f1adi\u00f3 que el Ej\u00e9rcito sirio respondi\u00f3 a las fuentes de los morterazos, infligiendo bajas entre las filas de los terroristas que emprendieron el ataque.<\/p>\n<p>El domingo pasado, los grupos terroristas atacaron con varios proyectiles los barrios de Al Hamadaniya, Sharea al Nil y Al Khalidiya, causando da\u00f1os materiales en el edificio de una escuela y algunas viviendas.<\/p>\n<p>Es de se\u00f1alar que terroristas afiliados del Frente de al Nousra se despliegan en el campo oeste y suroeste de Alepo.<\/p>\n<div id='gallery-1' class='gallery galleryid-83961 gallery-columns-3 gallery-size-thumbnail'><figure class='gallery-item'>\n\t\t\t<div class='gallery-icon landscape'>\n\t\t\t\t<a href='https:\/\/archive.sana.sy\/es\/wp-content\/uploads\/2018\/06\/DSC_8337.jpg'><img loading=\"lazy\" decoding=\"async\" width=\"150\" height=\"99\" src=\"https:\/\/archive.sana.sy\/es\/wp-content\/uploads\/2018\/06\/DSC_8337-150x99.jpg\" class=\"attachment-thumbnail size-thumbnail\" alt=\"\" srcset=\"https:\/\/archive.sana.sy\/es\/wp-content\/uploads\/2018\/06\/DSC_8337-150x99.jpg 150w, https:\/\/archive.sana.sy\/es\/wp-content\/uploads\/2018\/06\/DSC_8337-300x199.jpg 300w, https:\/\/archive.sana.sy\/es\/wp-content\/uploads\/2018\/06\/DSC_8337-768x508.jpg 768w, https:\/\/archive.sana.sy\/es\/wp-content\/uploads\/2018\/06\/DSC_8337-1024x678.jpg 1024w, https:\/\/archive.sana.sy\/es\/wp-content\/uploads\/2018\/06\/DSC_8337-310x205.jpg 310w, https:\/\/archive.sana.sy\/es\/wp-content\/uploads\/2018\/06\/DSC_8337.jpg 1200w\" sizes=\"(max-width: 150px) 100vw, 150px\" \/><\/a>\n\t\t\t<\/div><\/figure><figure class='gallery-item'>\n\t\t\t<div class='gallery-icon landscape'>\n\t\t\t\t<a href='https:\/\/archive.sana.sy\/es\/wp-content\/uploads\/2018\/06\/DSC_8339.jpg'><img loading=\"lazy\" decoding=\"async\" width=\"150\" height=\"100\" src=\"https:\/\/archive.sana.sy\/es\/wp-content\/uploads\/2018\/06\/DSC_8339-150x100.jpg\" class=\"attachment-thumbnail size-thumbnail\" alt=\"\" srcset=\"https:\/\/archive.sana.sy\/es\/wp-content\/uploads\/2018\/06\/DSC_8339-150x100.jpg 150w, https:\/\/archive.sana.sy\/es\/wp-content\/uploads\/2018\/06\/DSC_8339-300x200.jpg 300w, https:\/\/archive.sana.sy\/es\/wp-content\/uploads\/2018\/06\/DSC_8339-768x512.jpg 768w, https:\/\/archive.sana.sy\/es\/wp-content\/uploads\/2018\/06\/DSC_8339-1024x683.jpg 1024w, https:\/\/archive.sana.sy\/es\/wp-content\/uploads\/2018\/06\/DSC_8339-310x205.jpg 310w, https:\/\/archive.sana.sy\/es\/wp-content\/uploads\/2018\/06\/DSC_8339.jpg 1200w\" sizes=\"(max-width: 150px) 100vw, 150px\" \/><\/a>\n\t\t\t<\/div><\/figure><figure class='gallery-item'>\n\t\t\t<div class='gallery-icon landscape'>\n\t\t\t\t<a href='https:\/\/archive.sana.sy\/es\/wp-content\/uploads\/2018\/06\/DSC_8342.jpg'><img loading=\"lazy\" decoding=\"async\" width=\"150\" height=\"100\" src=\"https:\/\/archive.sana.sy\/es\/wp-content\/uploads\/2018\/06\/DSC_8342-150x100.jpg\" class=\"attachment-thumbnail size-thumbnail\" alt=\"\" srcset=\"https:\/\/archive.sana.sy\/es\/wp-content\/uploads\/2018\/06\/DSC_8342-150x100.jpg 150w, https:\/\/archive.sana.sy\/es\/wp-content\/uploads\/2018\/06\/DSC_8342-300x200.jpg 300w, https:\/\/archive.sana.sy\/es\/wp-content\/uploads\/2018\/06\/DSC_8342-768x512.jpg 768w, https:\/\/archive.sana.sy\/es\/wp-content\/uploads\/2018\/06\/DSC_8342-1024x683.jpg 1024w, https:\/\/archive.sana.sy\/es\/wp-content\/uploads\/2018\/06\/DSC_8342-310x205.jpg 310w, https:\/\/archive.sana.sy\/es\/wp-content\/uploads\/2018\/06\/DSC_8342.jpg 1200w\" sizes=\"(max-width: 150px) 100vw, 150px\" \/><\/a>\n\t\t\t<\/div><\/figure><figure class='gallery-item'>\n\t\t\t<div class='gallery-icon landscape'>\n\t\t\t\t<a href='https:\/\/archive.sana.sy\/es\/wp-content\/uploads\/2018\/06\/DSC_8350.jpg'><img loading=\"lazy\" decoding=\"async\" width=\"150\" height=\"106\" src=\"https:\/\/archive.sana.sy\/es\/wp-content\/uploads\/2018\/06\/DSC_8350-150x106.jpg\" class=\"attachment-thumbnail size-thumbnail\" alt=\"\" srcset=\"https:\/\/archive.sana.sy\/es\/wp-content\/uploads\/2018\/06\/DSC_8350-150x106.jpg 150w, https:\/\/archive.sana.sy\/es\/wp-content\/uploads\/2018\/06\/DSC_8350-300x213.jpg 300w, https:\/\/archive.sana.sy\/es\/wp-content\/uploads\/2018\/06\/DSC_8350-768x544.jpg 768w, https:\/\/archive.sana.sy\/es\/wp-content\/uploads\/2018\/06\/DSC_8350-1024x725.jpg 1024w, https:\/\/archive.sana.sy\/es\/wp-content\/uploads\/2018\/06\/DSC_8350.jpg 1200w\" sizes=\"(max-width: 150px) 100vw, 150px\" \/><\/a>\n\t\t\t<\/div><\/figure>\n\t\t<\/div>\n\n<p>Lynn A.<\/p>\n","protected":false},"excerpt":{"rendered":"<p>Alepo, SANA Tres personas perdieron la vida y otras ocho resultaron heridas, entre ellos ni\u00f1os, en ataques terroristas con proyectiles contra el barrio de Share\u00b4a Tishin en la ciudad de Alepo, seg\u00fan inform\u00f3 una fuente policial. El reportero de SANA se\u00f1al\u00f3 que el n\u00famero de m\u00e1rtires es propicio a aumentar debido a que existen varios &hellip;<\/p>\n","protected":false},"author":24,"featured_media":83976,"comment_status":"closed","ping_status":"closed","sticky":false,"template":"","format":"standard","meta":{"footnotes":""},"categories":[597,573,7541],"tags":[],"class_list":["post-83961","post","type-post","status-publish","format-standard","has-post-thumbnail","","category-cinta-de-noticias","category-la-realidad-de-los-acontecimientos-en-siria","category-ultimas-noticias"],"_links":{"self":[{"href":"https:\/\/archive.sana.sy\/es\/index.php?rest_route=\/wp\/v2\/posts\/83961"}],"collection":[{"href":"https:\/\/archive.sana.sy\/es\/index.php?rest_route=\/wp\/v2\/posts"}],"about":[{"href":"https:\/\/archive.sana.sy\/es\/index.php?rest_route=\/wp\/v2\/types\/post"}],"author":[{"embeddable":true,"href":"https:\/\/archive.sana.sy\/es\/index.php?rest_route=\/wp\/v2\/users\/24"}],"replies":[{"embeddable":true,"href":"https:\/\/archive.sana.sy\/es\/index.php?rest_route=%2Fwp%2Fv2%2Fcomments&post=83961"}],"version-history":[{"count":0,"href":"https:\/\/archive.sana.sy\/es\/index.php?rest_route=\/wp\/v2\/posts\/83961\/revisions"}],"wp:featuredmedia":[{"embeddable":true,"href":"https:\/\/archive.sana.sy\/es\/index.php?rest_route=\/wp\/v2\/media\/83976"}],"wp:attachment":[{"href":"https:\/\/archive.sana.sy\/es\/index.php?rest_route=%2Fwp%2Fv2%2Fmedia&parent=83961"}],"wp:term":[{"taxonomy":"category","embeddable":true,"href":"https:\/\/archive.sana.sy\/es\/index.php?rest_route=%2Fwp%2Fv2%2Fcategories&post=83961"},{"taxonomy":"post_tag","embeddable":true,"href":"https:\/\/archive.sana.sy\/es\/index.php?rest_route=%2Fwp%2Fv2%2Ftags&post=83961"}],"curies":[{"name":"wp","href":"https:\/\/api.w.org\/{rel}","templated":true}]}}