{"id":8398,"date":"2014-09-05T16:51:35","date_gmt":"2014-09-05T13:51:35","guid":{"rendered":"http:\/\/www.sana.sy\/es\/?p=8398"},"modified":"2014-09-05T16:51:53","modified_gmt":"2014-09-05T13:51:53","slug":"festival-deportivo-para-izar-la-bandera-de-siria-en-club-deportivo-de-barada-en-damasco","status":"publish","type":"post","link":"https:\/\/archive.sana.sy\/es\/?p=8398","title":{"rendered":"Festival deportivo para izar la bandera de Siria en Club Deportivo de Barada en Damasco"},"content":{"rendered":"<p style=\"text-align: justify\"><span style=\"color: #800000\">Damasco, SANA<\/span><\/p>\n<p style=\"text-align: justify\">El Club Deportivo de Barada celebrar\u00f3 el jueves un festival para izar la bandera de Siria en el interior de sus instalaciones en medio de masiva participaci\u00f3n popular.<\/p>\n<p style=\"text-align: justify\"><a href=\"http:\/\/www.sana.sy\/es\/wp-content\/uploads\/2014\/09\/1.jpg\"><img loading=\"lazy\" decoding=\"async\" class=\"alignleft wp-image-8400 size-medium\" src=\"http:\/\/www.sana.sy\/es\/wp-content\/uploads\/2014\/09\/1-300x159.jpg\" alt=\"1\" width=\"300\" height=\"159\" srcset=\"https:\/\/archive.sana.sy\/es\/wp-content\/uploads\/2014\/09\/1-300x160.jpg 300w, https:\/\/archive.sana.sy\/es\/wp-content\/uploads\/2014\/09\/1-150x79.jpg 150w, https:\/\/archive.sana.sy\/es\/wp-content\/uploads\/2014\/09\/1.jpg 381w\" sizes=\"(max-width: 300px) 100vw, 300px\" \/><\/a><\/p>\n<p style=\"text-align: justify\">El festival comenz\u00f3 con izar la bandera de Siria en el centro del Club, seguido de una serie de espect\u00e1culos deportivos de Karate, Taekwondo y Judo, adem\u00e1s de otro espect\u00e1culo de gimnasia r\u00edtmica que se realiz\u00f3 por una serie de campeones sirios como: Dina Al-Sheikh, Al\u00ed Zaidan, Rahaf Tala y Elias Al-Kibeh que han participado en varios campeonatos locales y asi\u00e1ticos, en los cuales lograron muchas medallas.<\/p>\n<p style=\"text-align: justify\">Durante el festival, se celebraron una serie de concursos como remolcador de guerra, carreras de obst\u00e1culos, adem\u00e1s de un concurso en el baloncesto.<\/p>\n<p style=\"text-align: justify\"><a href=\"http:\/\/www.sana.sy\/es\/wp-content\/uploads\/2014\/09\/2.jpg\"><img loading=\"lazy\" decoding=\"async\" class=\"aligncenter wp-image-8401 size-medium\" src=\"http:\/\/www.sana.sy\/es\/wp-content\/uploads\/2014\/09\/2-300x159.jpg\" alt=\"2\" width=\"300\" height=\"159\" srcset=\"https:\/\/archive.sana.sy\/es\/wp-content\/uploads\/2014\/09\/2-300x160.jpg 300w, https:\/\/archive.sana.sy\/es\/wp-content\/uploads\/2014\/09\/2-150x79.jpg 150w, https:\/\/archive.sana.sy\/es\/wp-content\/uploads\/2014\/09\/2.jpg 381w\" sizes=\"(max-width: 300px) 100vw, 300px\" \/><\/a><\/p>\n<p style=\"text-align: justify\">El festival fue celebrado por honrar a todos los atletas que participaron en el evento.<\/p>\n<p style=\"text-align: justify\"><span style=\"color: #0000ff\">Ghifar Al.<\/span><\/p>\n","protected":false},"excerpt":{"rendered":"<p>Damasco, SANA El Club Deportivo de Barada celebrar\u00f3 el jueves un festival para izar la bandera de Siria en el interior de sus instalaciones en medio de masiva participaci\u00f3n popular. El festival comenz\u00f3 con izar la bandera de Siria en el centro del Club, seguido de una serie de espect\u00e1culos deportivos de Karate, Taekwondo y &hellip;<\/p>\n","protected":false},"author":1,"featured_media":8399,"comment_status":"closed","ping_status":"closed","sticky":false,"template":"","format":"standard","meta":{"footnotes":""},"categories":[494],"tags":[1907],"class_list":["post-8398","post","type-post","status-publish","format-standard","has-post-thumbnail","","category-deportes","tag-festival-deportivo-para-izar-la-bandera-de-siria-en-club-deportivo-de-barada-en-damasco"],"_links":{"self":[{"href":"https:\/\/archive.sana.sy\/es\/index.php?rest_route=\/wp\/v2\/posts\/8398"}],"collection":[{"href":"https:\/\/archive.sana.sy\/es\/index.php?rest_route=\/wp\/v2\/posts"}],"about":[{"href":"https:\/\/archive.sana.sy\/es\/index.php?rest_route=\/wp\/v2\/types\/post"}],"author":[{"embeddable":true,"href":"https:\/\/archive.sana.sy\/es\/index.php?rest_route=\/wp\/v2\/users\/1"}],"replies":[{"embeddable":true,"href":"https:\/\/archive.sana.sy\/es\/index.php?rest_route=%2Fwp%2Fv2%2Fcomments&post=8398"}],"version-history":[{"count":0,"href":"https:\/\/archive.sana.sy\/es\/index.php?rest_route=\/wp\/v2\/posts\/8398\/revisions"}],"wp:featuredmedia":[{"embeddable":true,"href":"https:\/\/archive.sana.sy\/es\/index.php?rest_route=\/wp\/v2\/media\/8399"}],"wp:attachment":[{"href":"https:\/\/archive.sana.sy\/es\/index.php?rest_route=%2Fwp%2Fv2%2Fmedia&parent=8398"}],"wp:term":[{"taxonomy":"category","embeddable":true,"href":"https:\/\/archive.sana.sy\/es\/index.php?rest_route=%2Fwp%2Fv2%2Fcategories&post=8398"},{"taxonomy":"post_tag","embeddable":true,"href":"https:\/\/archive.sana.sy\/es\/index.php?rest_route=%2Fwp%2Fv2%2Ftags&post=8398"}],"curies":[{"name":"wp","href":"https:\/\/api.w.org\/{rel}","templated":true}]}}