{"id":83992,"date":"2018-06-14T17:18:45","date_gmt":"2018-06-14T14:18:45","guid":{"rendered":"https:\/\/www.sana.sy\/es\/?p=83992"},"modified":"2018-06-14T18:19:26","modified_gmt":"2018-06-14T15:19:26","slug":"iran-denuncia-rotundamente-agresion-de-la-coalicion-del-regimen-suadi-contra-puerto-de-al-hudayda","status":"publish","type":"post","link":"https:\/\/archive.sana.sy\/es\/?p=83992","title":{"rendered":"Ir\u00e1n denuncia rotundamente agresi\u00f3n de la coalici\u00f3n del r\u00e9gimen suad\u00ed contra puerto de Al Hudayda"},"content":{"rendered":"<p><span style=\"color: #800000\">Teher\u00e1n, SANA<\/span><\/p>\n<p>El portavoz de la Canciller\u00eda iran\u00ed, Bahram Qasimi, conden\u00f3 en\u00e9rgicamente la agresi\u00f3n desatada por la coalici\u00f3n del r\u00e9gimen saudita contra el puerto de Al Hudayda en Yemen, expresando su suma preocupaci\u00f3n por el deterioro de la situaci\u00f3n humanitaria en esta naci\u00f3n \u00e1rabe.<\/p>\n<p>En declaraciones concedidas a la prensa este jueves, Qasimi reiter\u00f3 la postura de Ir\u00e1n que aboga por la soluci\u00f3n pol\u00edtica en Yemen y rechaza la soluci\u00f3n militar, subrayando que los agresores deben poner fin a sus acciones hostiles.<\/p>\n<p>Agreg\u00f3 que tales cr\u00edmenes apagan la \u00fanica llama de esperanza que cuenta con los empe\u00f1os pol\u00edticos y complican a\u00fan m\u00e1s\u00a0la situaci\u00f3n .<\/p>\n<p>Es de se\u00f1alar que la coalici\u00f3n del r\u00e9gimen saud\u00ed destac\u00f3 ayer una agresi\u00f3n por v\u00eda mar\u00edtima y a\u00e9rea contra el puerto estrat\u00e9gico yemen\u00ed de Al Hudayda que da al Mar Rojo.<\/p>\n<p>&nbsp;<\/p>\n<p>Lynn A.<\/p>\n","protected":false},"excerpt":{"rendered":"<p>Teher\u00e1n, SANA El portavoz de la Canciller\u00eda iran\u00ed, Bahram Qasimi, conden\u00f3 en\u00e9rgicamente la agresi\u00f3n desatada por la coalici\u00f3n del r\u00e9gimen saudita contra el puerto de Al Hudayda en Yemen, expresando su suma preocupaci\u00f3n por el deterioro de la situaci\u00f3n humanitaria en esta naci\u00f3n \u00e1rabe. En declaraciones concedidas a la prensa este jueves, Qasimi reiter\u00f3 la &hellip;<\/p>\n","protected":false},"author":24,"featured_media":83993,"comment_status":"closed","ping_status":"closed","sticky":false,"template":"","format":"standard","meta":{"footnotes":""},"categories":[456,7541],"tags":[],"class_list":["post-83992","post","type-post","status-publish","format-standard","has-post-thumbnail","","category-arabe-internacional-politica","category-ultimas-noticias"],"_links":{"self":[{"href":"https:\/\/archive.sana.sy\/es\/index.php?rest_route=\/wp\/v2\/posts\/83992"}],"collection":[{"href":"https:\/\/archive.sana.sy\/es\/index.php?rest_route=\/wp\/v2\/posts"}],"about":[{"href":"https:\/\/archive.sana.sy\/es\/index.php?rest_route=\/wp\/v2\/types\/post"}],"author":[{"embeddable":true,"href":"https:\/\/archive.sana.sy\/es\/index.php?rest_route=\/wp\/v2\/users\/24"}],"replies":[{"embeddable":true,"href":"https:\/\/archive.sana.sy\/es\/index.php?rest_route=%2Fwp%2Fv2%2Fcomments&post=83992"}],"version-history":[{"count":0,"href":"https:\/\/archive.sana.sy\/es\/index.php?rest_route=\/wp\/v2\/posts\/83992\/revisions"}],"wp:featuredmedia":[{"embeddable":true,"href":"https:\/\/archive.sana.sy\/es\/index.php?rest_route=\/wp\/v2\/media\/83993"}],"wp:attachment":[{"href":"https:\/\/archive.sana.sy\/es\/index.php?rest_route=%2Fwp%2Fv2%2Fmedia&parent=83992"}],"wp:term":[{"taxonomy":"category","embeddable":true,"href":"https:\/\/archive.sana.sy\/es\/index.php?rest_route=%2Fwp%2Fv2%2Fcategories&post=83992"},{"taxonomy":"post_tag","embeddable":true,"href":"https:\/\/archive.sana.sy\/es\/index.php?rest_route=%2Fwp%2Fv2%2Ftags&post=83992"}],"curies":[{"name":"wp","href":"https:\/\/api.w.org\/{rel}","templated":true}]}}