{"id":84003,"date":"2018-06-14T10:08:48","date_gmt":"2018-06-14T07:08:48","guid":{"rendered":"https:\/\/www.sana.sy\/es\/?p=84003"},"modified":"2018-06-14T20:18:22","modified_gmt":"2018-06-14T17:18:22","slug":"en-fotos-sirios-compran-los-dulces-de-la-fiesta-de-al-fitir","status":"publish","type":"post","link":"https:\/\/archive.sana.sy\/es\/?p=84003","title":{"rendered":"En fotos: Sirios compran los dulces de la fiesta de al Fitir"},"content":{"rendered":"<p><span style=\"color: #800000\">Damasco, SANA<\/span><\/p>\n<p>Una de las tradiciones de los sirios es ofrecer dulces en Eid al Fitir (fiesta que anuncia el t\u00e9rmino del sagrado mes de ayuno de Ramadan).<\/p>\n<p>A pesar de sus precios poco econ\u00f3mico, los sirios proceden a regalar dulces \u00e1rabes rellenos de pistacho y nueces en los tiempos de las fiestas como expresi\u00f3n de su hospitalidad.<\/p>\n<div id='gallery-1' class='gallery galleryid-84003 gallery-columns-3 gallery-size-thumbnail'><figure class='gallery-item'>\n\t\t\t<div class='gallery-icon landscape'>\n\t\t\t\t<a href='https:\/\/archive.sana.sy\/es\/wp-content\/uploads\/2018\/06\/AMR_2570.jpg'><img loading=\"lazy\" decoding=\"async\" width=\"150\" height=\"97\" src=\"https:\/\/archive.sana.sy\/es\/wp-content\/uploads\/2018\/06\/AMR_2570-150x97.jpg\" class=\"attachment-thumbnail size-thumbnail\" alt=\"\" srcset=\"https:\/\/archive.sana.sy\/es\/wp-content\/uploads\/2018\/06\/AMR_2570-150x97.jpg 150w, https:\/\/archive.sana.sy\/es\/wp-content\/uploads\/2018\/06\/AMR_2570-300x195.jpg 300w, https:\/\/archive.sana.sy\/es\/wp-content\/uploads\/2018\/06\/AMR_2570-768x498.jpg 768w, https:\/\/archive.sana.sy\/es\/wp-content\/uploads\/2018\/06\/AMR_2570-1024x664.jpg 1024w, https:\/\/archive.sana.sy\/es\/wp-content\/uploads\/2018\/06\/AMR_2570.jpg 1200w\" sizes=\"(max-width: 150px) 100vw, 150px\" \/><\/a>\n\t\t\t<\/div><\/figure><figure class='gallery-item'>\n\t\t\t<div class='gallery-icon landscape'>\n\t\t\t\t<a href='https:\/\/archive.sana.sy\/es\/wp-content\/uploads\/2018\/06\/AMR_2598.jpg'><img loading=\"lazy\" decoding=\"async\" width=\"150\" height=\"103\" src=\"https:\/\/archive.sana.sy\/es\/wp-content\/uploads\/2018\/06\/AMR_2598-150x103.jpg\" class=\"attachment-thumbnail size-thumbnail\" alt=\"\" srcset=\"https:\/\/archive.sana.sy\/es\/wp-content\/uploads\/2018\/06\/AMR_2598-150x103.jpg 150w, https:\/\/archive.sana.sy\/es\/wp-content\/uploads\/2018\/06\/AMR_2598-300x205.jpg 300w, https:\/\/archive.sana.sy\/es\/wp-content\/uploads\/2018\/06\/AMR_2598-768x525.jpg 768w, https:\/\/archive.sana.sy\/es\/wp-content\/uploads\/2018\/06\/AMR_2598-1024x701.jpg 1024w, https:\/\/archive.sana.sy\/es\/wp-content\/uploads\/2018\/06\/AMR_2598-110x75.jpg 110w, https:\/\/archive.sana.sy\/es\/wp-content\/uploads\/2018\/06\/AMR_2598.jpg 1200w\" sizes=\"(max-width: 150px) 100vw, 150px\" \/><\/a>\n\t\t\t<\/div><\/figure><figure class='gallery-item'>\n\t\t\t<div class='gallery-icon landscape'>\n\t\t\t\t<a href='https:\/\/archive.sana.sy\/es\/wp-content\/uploads\/2018\/06\/AMR_2609.jpg'><img loading=\"lazy\" decoding=\"async\" width=\"150\" height=\"100\" src=\"https:\/\/archive.sana.sy\/es\/wp-content\/uploads\/2018\/06\/AMR_2609-150x100.jpg\" class=\"attachment-thumbnail size-thumbnail\" alt=\"\" srcset=\"https:\/\/archive.sana.sy\/es\/wp-content\/uploads\/2018\/06\/AMR_2609-150x100.jpg 150w, https:\/\/archive.sana.sy\/es\/wp-content\/uploads\/2018\/06\/AMR_2609-300x200.jpg 300w, https:\/\/archive.sana.sy\/es\/wp-content\/uploads\/2018\/06\/AMR_2609-768x511.jpg 768w, https:\/\/archive.sana.sy\/es\/wp-content\/uploads\/2018\/06\/AMR_2609-1024x681.jpg 1024w, https:\/\/archive.sana.sy\/es\/wp-content\/uploads\/2018\/06\/AMR_2609-310x205.jpg 310w, https:\/\/archive.sana.sy\/es\/wp-content\/uploads\/2018\/06\/AMR_2609.jpg 1200w\" sizes=\"(max-width: 150px) 100vw, 150px\" \/><\/a>\n\t\t\t<\/div><\/figure><figure class='gallery-item'>\n\t\t\t<div class='gallery-icon landscape'>\n\t\t\t\t<a href='https:\/\/archive.sana.sy\/es\/wp-content\/uploads\/2018\/06\/AMR_2665.jpg'><img loading=\"lazy\" decoding=\"async\" width=\"150\" height=\"100\" src=\"https:\/\/archive.sana.sy\/es\/wp-content\/uploads\/2018\/06\/AMR_2665-150x100.jpg\" class=\"attachment-thumbnail size-thumbnail\" alt=\"\" srcset=\"https:\/\/archive.sana.sy\/es\/wp-content\/uploads\/2018\/06\/AMR_2665-150x100.jpg 150w, https:\/\/archive.sana.sy\/es\/wp-content\/uploads\/2018\/06\/AMR_2665-300x200.jpg 300w, https:\/\/archive.sana.sy\/es\/wp-content\/uploads\/2018\/06\/AMR_2665-768x511.jpg 768w, https:\/\/archive.sana.sy\/es\/wp-content\/uploads\/2018\/06\/AMR_2665-1024x681.jpg 1024w, https:\/\/archive.sana.sy\/es\/wp-content\/uploads\/2018\/06\/AMR_2665-310x205.jpg 310w, https:\/\/archive.sana.sy\/es\/wp-content\/uploads\/2018\/06\/AMR_2665.jpg 1200w\" sizes=\"(max-width: 150px) 100vw, 150px\" \/><\/a>\n\t\t\t<\/div><\/figure><figure class='gallery-item'>\n\t\t\t<div class='gallery-icon landscape'>\n\t\t\t\t<a href='https:\/\/archive.sana.sy\/es\/wp-content\/uploads\/2018\/06\/AMR_2697.jpg'><img loading=\"lazy\" decoding=\"async\" width=\"150\" height=\"100\" src=\"https:\/\/archive.sana.sy\/es\/wp-content\/uploads\/2018\/06\/AMR_2697-150x100.jpg\" class=\"attachment-thumbnail size-thumbnail\" alt=\"\" srcset=\"https:\/\/archive.sana.sy\/es\/wp-content\/uploads\/2018\/06\/AMR_2697-150x100.jpg 150w, https:\/\/archive.sana.sy\/es\/wp-content\/uploads\/2018\/06\/AMR_2697-300x200.jpg 300w, https:\/\/archive.sana.sy\/es\/wp-content\/uploads\/2018\/06\/AMR_2697-768x511.jpg 768w, https:\/\/archive.sana.sy\/es\/wp-content\/uploads\/2018\/06\/AMR_2697-1024x681.jpg 1024w, https:\/\/archive.sana.sy\/es\/wp-content\/uploads\/2018\/06\/AMR_2697-310x205.jpg 310w, https:\/\/archive.sana.sy\/es\/wp-content\/uploads\/2018\/06\/AMR_2697.jpg 1200w\" sizes=\"(max-width: 150px) 100vw, 150px\" \/><\/a>\n\t\t\t<\/div><\/figure><figure class='gallery-item'>\n\t\t\t<div class='gallery-icon landscape'>\n\t\t\t\t<a href='https:\/\/archive.sana.sy\/es\/wp-content\/uploads\/2018\/06\/AMR_2703.jpg'><img loading=\"lazy\" decoding=\"async\" width=\"150\" height=\"100\" src=\"https:\/\/archive.sana.sy\/es\/wp-content\/uploads\/2018\/06\/AMR_2703-150x100.jpg\" class=\"attachment-thumbnail size-thumbnail\" alt=\"\" srcset=\"https:\/\/archive.sana.sy\/es\/wp-content\/uploads\/2018\/06\/AMR_2703-150x100.jpg 150w, https:\/\/archive.sana.sy\/es\/wp-content\/uploads\/2018\/06\/AMR_2703-300x200.jpg 300w, https:\/\/archive.sana.sy\/es\/wp-content\/uploads\/2018\/06\/AMR_2703-768x511.jpg 768w, https:\/\/archive.sana.sy\/es\/wp-content\/uploads\/2018\/06\/AMR_2703-1024x682.jpg 1024w, https:\/\/archive.sana.sy\/es\/wp-content\/uploads\/2018\/06\/AMR_2703-310x205.jpg 310w, https:\/\/archive.sana.sy\/es\/wp-content\/uploads\/2018\/06\/AMR_2703.jpg 1200w\" sizes=\"(max-width: 150px) 100vw, 150px\" \/><\/a>\n\t\t\t<\/div><\/figure><figure class='gallery-item'>\n\t\t\t<div class='gallery-icon landscape'>\n\t\t\t\t<a href='https:\/\/archive.sana.sy\/es\/wp-content\/uploads\/2018\/06\/AMR_2537.jpg'><img loading=\"lazy\" decoding=\"async\" width=\"150\" height=\"100\" src=\"https:\/\/archive.sana.sy\/es\/wp-content\/uploads\/2018\/06\/AMR_2537-150x100.jpg\" class=\"attachment-thumbnail size-thumbnail\" alt=\"\" srcset=\"https:\/\/archive.sana.sy\/es\/wp-content\/uploads\/2018\/06\/AMR_2537-150x100.jpg 150w, https:\/\/archive.sana.sy\/es\/wp-content\/uploads\/2018\/06\/AMR_2537-300x200.jpg 300w, https:\/\/archive.sana.sy\/es\/wp-content\/uploads\/2018\/06\/AMR_2537-768x511.jpg 768w, https:\/\/archive.sana.sy\/es\/wp-content\/uploads\/2018\/06\/AMR_2537-1024x681.jpg 1024w, https:\/\/archive.sana.sy\/es\/wp-content\/uploads\/2018\/06\/AMR_2537-310x205.jpg 310w, https:\/\/archive.sana.sy\/es\/wp-content\/uploads\/2018\/06\/AMR_2537.jpg 1200w\" sizes=\"(max-width: 150px) 100vw, 150px\" \/><\/a>\n\t\t\t<\/div><\/figure>\n\t\t<\/div>\n\n<p>L.A.<\/p>\n","protected":false},"excerpt":{"rendered":"<p>Damasco, SANA Una de las tradiciones de los sirios es ofrecer dulces en Eid al Fitir (fiesta que anuncia el t\u00e9rmino del sagrado mes de ayuno de Ramadan). A pesar de sus precios poco econ\u00f3mico, los sirios proceden a regalar dulces \u00e1rabes rellenos de pistacho y nueces en los tiempos de las fiestas como expresi\u00f3n &hellip;<\/p>\n","protected":false},"author":24,"featured_media":84006,"comment_status":"closed","ping_status":"closed","sticky":false,"template":"","format":"standard","meta":{"footnotes":""},"categories":[571,7541],"tags":[],"class_list":["post-84003","post","type-post","status-publish","format-standard","has-post-thumbnail","","category-siria-en-fotos","category-ultimas-noticias"],"_links":{"self":[{"href":"https:\/\/archive.sana.sy\/es\/index.php?rest_route=\/wp\/v2\/posts\/84003"}],"collection":[{"href":"https:\/\/archive.sana.sy\/es\/index.php?rest_route=\/wp\/v2\/posts"}],"about":[{"href":"https:\/\/archive.sana.sy\/es\/index.php?rest_route=\/wp\/v2\/types\/post"}],"author":[{"embeddable":true,"href":"https:\/\/archive.sana.sy\/es\/index.php?rest_route=\/wp\/v2\/users\/24"}],"replies":[{"embeddable":true,"href":"https:\/\/archive.sana.sy\/es\/index.php?rest_route=%2Fwp%2Fv2%2Fcomments&post=84003"}],"version-history":[{"count":0,"href":"https:\/\/archive.sana.sy\/es\/index.php?rest_route=\/wp\/v2\/posts\/84003\/revisions"}],"wp:featuredmedia":[{"embeddable":true,"href":"https:\/\/archive.sana.sy\/es\/index.php?rest_route=\/wp\/v2\/media\/84006"}],"wp:attachment":[{"href":"https:\/\/archive.sana.sy\/es\/index.php?rest_route=%2Fwp%2Fv2%2Fmedia&parent=84003"}],"wp:term":[{"taxonomy":"category","embeddable":true,"href":"https:\/\/archive.sana.sy\/es\/index.php?rest_route=%2Fwp%2Fv2%2Fcategories&post=84003"},{"taxonomy":"post_tag","embeddable":true,"href":"https:\/\/archive.sana.sy\/es\/index.php?rest_route=%2Fwp%2Fv2%2Ftags&post=84003"}],"curies":[{"name":"wp","href":"https:\/\/api.w.org\/{rel}","templated":true}]}}