{"id":84012,"date":"2018-06-14T11:27:05","date_gmt":"2018-06-14T08:27:05","guid":{"rendered":"https:\/\/www.sana.sy\/es\/?p=84012"},"modified":"2018-06-14T20:29:39","modified_gmt":"2018-06-14T17:29:39","slug":"terroristas-asesinan-una-nueva-personalidad-influyente-en-la-reconciliacion-en-la-region-sur","status":"publish","type":"post","link":"https:\/\/archive.sana.sy\/es\/?p=84012","title":{"rendered":"Terroristas asesinan una nueva personalidad influyente en la reconciliaci\u00f3n en la regi\u00f3n sur"},"content":{"rendered":"<p><span style=\"color: #800000\">Deraa, SANA<\/span><\/p>\n<p>Terroristas asesinaron este jueves un miembro del Comit\u00e9 de Reconciliaci\u00f3n en la provincia sure\u00f1a de Deraa.<\/p>\n<p>La reportera de SANA inform\u00f3 que terroristas abrieron fuego esta ma\u00f1ana contra el m\u00e9dico Musa Qanbas, miembro del Comit\u00e9 de Reconciliaci\u00f3n en la provincia sure\u00f1a de Deraa mientras entraba en su cl\u00ednica en la localidad de al-Hara en el campo noroeste de Deraa, lo que caus\u00f3 su muerte.<\/p>\n<p>Los grupos terroristas tratan de obstaculizar el proceso de reconciliaci\u00f3n en la regi\u00f3n sur, pues asesinaron en los \u00faltimos meses a 18 personas influyentes en dicho proceso, s\u00famales los actos de secuestro y amenaza con la muerte a las familiares de las personas que tienen peso en las reconciliaciones.<\/p>\n<p>&nbsp;<\/p>\n<p>Lynn A.<\/p>\n","protected":false},"excerpt":{"rendered":"<p>Deraa, SANA Terroristas asesinaron este jueves un miembro del Comit\u00e9 de Reconciliaci\u00f3n en la provincia sure\u00f1a de Deraa. La reportera de SANA inform\u00f3 que terroristas abrieron fuego esta ma\u00f1ana contra el m\u00e9dico Musa Qanbas, miembro del Comit\u00e9 de Reconciliaci\u00f3n en la provincia sure\u00f1a de Deraa mientras entraba en su cl\u00ednica en la localidad de al-Hara &hellip;<\/p>\n","protected":false},"author":24,"featured_media":73671,"comment_status":"closed","ping_status":"closed","sticky":false,"template":"","format":"standard","meta":{"footnotes":""},"categories":[573,7541],"tags":[],"class_list":["post-84012","post","type-post","status-publish","format-standard","has-post-thumbnail","","category-la-realidad-de-los-acontecimientos-en-siria","category-ultimas-noticias"],"_links":{"self":[{"href":"https:\/\/archive.sana.sy\/es\/index.php?rest_route=\/wp\/v2\/posts\/84012"}],"collection":[{"href":"https:\/\/archive.sana.sy\/es\/index.php?rest_route=\/wp\/v2\/posts"}],"about":[{"href":"https:\/\/archive.sana.sy\/es\/index.php?rest_route=\/wp\/v2\/types\/post"}],"author":[{"embeddable":true,"href":"https:\/\/archive.sana.sy\/es\/index.php?rest_route=\/wp\/v2\/users\/24"}],"replies":[{"embeddable":true,"href":"https:\/\/archive.sana.sy\/es\/index.php?rest_route=%2Fwp%2Fv2%2Fcomments&post=84012"}],"version-history":[{"count":0,"href":"https:\/\/archive.sana.sy\/es\/index.php?rest_route=\/wp\/v2\/posts\/84012\/revisions"}],"wp:featuredmedia":[{"embeddable":true,"href":"https:\/\/archive.sana.sy\/es\/index.php?rest_route=\/wp\/v2\/media\/73671"}],"wp:attachment":[{"href":"https:\/\/archive.sana.sy\/es\/index.php?rest_route=%2Fwp%2Fv2%2Fmedia&parent=84012"}],"wp:term":[{"taxonomy":"category","embeddable":true,"href":"https:\/\/archive.sana.sy\/es\/index.php?rest_route=%2Fwp%2Fv2%2Fcategories&post=84012"},{"taxonomy":"post_tag","embeddable":true,"href":"https:\/\/archive.sana.sy\/es\/index.php?rest_route=%2Fwp%2Fv2%2Ftags&post=84012"}],"curies":[{"name":"wp","href":"https:\/\/api.w.org\/{rel}","templated":true}]}}