{"id":84015,"date":"2018-06-15T08:37:54","date_gmt":"2018-06-15T05:37:54","guid":{"rendered":"https:\/\/www.sana.sy\/es\/?p=84015"},"modified":"2019-09-10T12:03:41","modified_gmt":"2019-09-10T09:03:41","slug":"presidente-al-assad-efectua-el-rezo-de-eid-al-fitr-en-la-provincia-de-tartous","status":"publish","type":"post","link":"https:\/\/archive.sana.sy\/es\/?p=84015","title":{"rendered":"Presidente Al-Assad efect\u00faa el rezo de Eid al-Fitr en la provincia de Tartous"},"content":{"rendered":"<p><span style=\"color: #800000;\">Damasco, SANA<\/span><\/p>\n<p>El presidente de la Rep\u00fablica, Bashar Al-Assad, efectu\u00f3 esta ma\u00f1ana del viernes, el rezo de Eid al-Fitr en la mezquita de Khadiyah en la provincia costera siria de Tartous.<\/p>\n<p>Eid al-Fitr es la fiesta musulmana celebrada al culminarse el Ramad\u00e1n, mes del ayuno musulm\u00e1n.<\/p>\n<p>Efectuaron el rezo junto al presidente a-Assad, el Ministro de Asuntos Religiosos, Mohammed Abdul Sattar Sayyed, y el Gran Muft\u00ed de la Rep\u00fablica, Ahmad Badr Eddin Hassoun, adem\u00e1s de un n\u00famero de diputados de la Asamblea del Pueblo, y un n\u00famero de ulemas musulmanes y un p\u00fablico de ciudadanos.<\/p>\n<p>Encabez\u00f3 el rezo el ulema Mohammed Abdul Sattar Sayyed quien pronunci\u00f3 el serm\u00f3n del Eid y recalc\u00f3 los significados sublimes de la venerada fiesta del fin de Ramad\u00e1n.<\/p>\n<p>El sermoneador del Eid dijo que \u201cSiria siempre ha sido farol del orgullo y de la dignidad, gracias a la firmeza del ej\u00e9rcito sirio y la prudencia del presidente Al-Assad, y logr\u00f3 frustrar el complot que tajaron los enemigos y los criminales terroristas\u201d.<\/p>\n<p>Al t\u00e9rmino de su serm\u00f3n el predicador invoc\u00f3 al Alt\u00edsimo para que conceda la victoria a Siria sobre los terroristas.<\/p>\n<p><span style=\"color: #0000ff;\">F. Marouf\/ Dr. A. Shaban<\/span><\/p>\n<p><img decoding=\"async\" src=\"https:\/\/www.sana.sy\/wp-content\/uploads\/2018\/06\/4-77.jpg\" \/><img decoding=\"async\" src=\"https:\/\/www.sana.sy\/wp-content\/uploads\/2018\/06\/5-63.jpg\" \/><img decoding=\"async\" src=\"https:\/\/www.sana.sy\/wp-content\/uploads\/2018\/06\/6-53.jpg\" \/><\/p>\n<p><img decoding=\"async\" src=\"https:\/\/www.sana.sy\/wp-content\/uploads\/2018\/06\/7-58.jpg\" \/><img decoding=\"async\" src=\"https:\/\/www.sana.sy\/wp-content\/uploads\/2018\/06\/8-40.jpg\" \/><\/p>\n<p><img decoding=\"async\" src=\"https:\/\/www.sana.sy\/wp-content\/uploads\/2018\/06\/9-31.jpg\" \/><\/p>\n","protected":false},"excerpt":{"rendered":"<p>Damasco, SANA El presidente de la Rep\u00fablica, Bashar Al-Assad, efectu\u00f3 esta ma\u00f1ana del viernes, el rezo de Eid al-Fitr en la mezquita de Khadiyah en la provincia costera siria de Tartous. Eid al-Fitr es la fiesta musulmana celebrada al culminarse el Ramad\u00e1n, mes del ayuno musulm\u00e1n. Efectuaron el rezo junto al presidente a-Assad, el Ministro &hellip;<\/p>\n","protected":false},"author":1,"featured_media":84016,"comment_status":"closed","ping_status":"closed","sticky":false,"template":"","format":"standard","meta":{"footnotes":""},"categories":[597,476,16237,583],"tags":[12123],"class_list":["post-84015","post","type-post","status-publish","format-standard","has-post-thumbnail","","category-cinta-de-noticias","category-locales","category-presidence-de-la-republique-arabe-syria","category-slide","tag-presidente-al-assad-efectua-el-rezo-de-eid-al-fitr-en-la-provincia-de-tartous"],"_links":{"self":[{"href":"https:\/\/archive.sana.sy\/es\/index.php?rest_route=\/wp\/v2\/posts\/84015"}],"collection":[{"href":"https:\/\/archive.sana.sy\/es\/index.php?rest_route=\/wp\/v2\/posts"}],"about":[{"href":"https:\/\/archive.sana.sy\/es\/index.php?rest_route=\/wp\/v2\/types\/post"}],"author":[{"embeddable":true,"href":"https:\/\/archive.sana.sy\/es\/index.php?rest_route=\/wp\/v2\/users\/1"}],"replies":[{"embeddable":true,"href":"https:\/\/archive.sana.sy\/es\/index.php?rest_route=%2Fwp%2Fv2%2Fcomments&post=84015"}],"version-history":[{"count":0,"href":"https:\/\/archive.sana.sy\/es\/index.php?rest_route=\/wp\/v2\/posts\/84015\/revisions"}],"wp:featuredmedia":[{"embeddable":true,"href":"https:\/\/archive.sana.sy\/es\/index.php?rest_route=\/wp\/v2\/media\/84016"}],"wp:attachment":[{"href":"https:\/\/archive.sana.sy\/es\/index.php?rest_route=%2Fwp%2Fv2%2Fmedia&parent=84015"}],"wp:term":[{"taxonomy":"category","embeddable":true,"href":"https:\/\/archive.sana.sy\/es\/index.php?rest_route=%2Fwp%2Fv2%2Fcategories&post=84015"},{"taxonomy":"post_tag","embeddable":true,"href":"https:\/\/archive.sana.sy\/es\/index.php?rest_route=%2Fwp%2Fv2%2Ftags&post=84015"}],"curies":[{"name":"wp","href":"https:\/\/api.w.org\/{rel}","templated":true}]}}