{"id":84018,"date":"2018-06-15T09:03:48","date_gmt":"2018-06-15T06:03:48","guid":{"rendered":"https:\/\/www.sana.sy\/es\/?p=84018"},"modified":"2018-06-16T12:35:10","modified_gmt":"2018-06-16T09:35:10","slug":"el-viernes-15-de-junio-es-el-primer-dia-de-eid-al-fiter-en-siria","status":"publish","type":"post","link":"https:\/\/archive.sana.sy\/es\/?p=84018","title":{"rendered":"El viernes 15 de junio, es el primer d\u00eda de Eid Al-Fiter en Siria"},"content":{"rendered":"<p><span style=\"color: #800000;\">Damasco, SANA<\/span><\/p>\n<p>El primer juez de la legislaci\u00f3n isl\u00e1mica en Damasco, Mahmoud Al-Marawi, anunci\u00f3 que el viernes 15 de junio es el primer d\u00eda de Eid Al-Fiter (fiesta musulmana del fin del ayuno).<\/p>\n<p>En un comunicado, Marawi dijo que se confirm\u00f3 legalmente que el primer d\u00eda de Shawal del a\u00f1o 1439 Hiyerie (calendario musulm\u00e1n) coincide el viernes 15 de junio del 2018, que es el primer d\u00eda de Eid Al-Fiter.<\/p>\n<p>Expres\u00f3 sus felicitaciones sinceras para las naciones \u00e1rabe e isl\u00e1mica.<\/p>\n<p><span style=\"color: #0000ff;\">F. Marouf\/ Dr. A. Shaban<\/span><\/p>\n","protected":false},"excerpt":{"rendered":"<p>Damasco, SANA El primer juez de la legislaci\u00f3n isl\u00e1mica en Damasco, Mahmoud Al-Marawi, anunci\u00f3 que el viernes 15 de junio es el primer d\u00eda de Eid Al-Fiter (fiesta musulmana del fin del ayuno). En un comunicado, Marawi dijo que se confirm\u00f3 legalmente que el primer d\u00eda de Shawal del a\u00f1o 1439 Hiyerie (calendario musulm\u00e1n) coincide &hellip;<\/p>\n","protected":false},"author":1,"featured_media":84019,"comment_status":"closed","ping_status":"closed","sticky":false,"template":"","format":"standard","meta":{"footnotes":""},"categories":[597,476,7541],"tags":[12124],"class_list":["post-84018","post","type-post","status-publish","format-standard","has-post-thumbnail","","category-cinta-de-noticias","category-locales","category-ultimas-noticias","tag-el-viernes-15-de-junio-es-el-primer-dia-de-eid-al-fiter-en-siria"],"_links":{"self":[{"href":"https:\/\/archive.sana.sy\/es\/index.php?rest_route=\/wp\/v2\/posts\/84018"}],"collection":[{"href":"https:\/\/archive.sana.sy\/es\/index.php?rest_route=\/wp\/v2\/posts"}],"about":[{"href":"https:\/\/archive.sana.sy\/es\/index.php?rest_route=\/wp\/v2\/types\/post"}],"author":[{"embeddable":true,"href":"https:\/\/archive.sana.sy\/es\/index.php?rest_route=\/wp\/v2\/users\/1"}],"replies":[{"embeddable":true,"href":"https:\/\/archive.sana.sy\/es\/index.php?rest_route=%2Fwp%2Fv2%2Fcomments&post=84018"}],"version-history":[{"count":0,"href":"https:\/\/archive.sana.sy\/es\/index.php?rest_route=\/wp\/v2\/posts\/84018\/revisions"}],"wp:featuredmedia":[{"embeddable":true,"href":"https:\/\/archive.sana.sy\/es\/index.php?rest_route=\/wp\/v2\/media\/84019"}],"wp:attachment":[{"href":"https:\/\/archive.sana.sy\/es\/index.php?rest_route=%2Fwp%2Fv2%2Fmedia&parent=84018"}],"wp:term":[{"taxonomy":"category","embeddable":true,"href":"https:\/\/archive.sana.sy\/es\/index.php?rest_route=%2Fwp%2Fv2%2Fcategories&post=84018"},{"taxonomy":"post_tag","embeddable":true,"href":"https:\/\/archive.sana.sy\/es\/index.php?rest_route=%2Fwp%2Fv2%2Ftags&post=84018"}],"curies":[{"name":"wp","href":"https:\/\/api.w.org\/{rel}","templated":true}]}}