{"id":84026,"date":"2018-06-15T09:32:02","date_gmt":"2018-06-15T06:32:02","guid":{"rendered":"https:\/\/www.sana.sy\/es\/?p=84026"},"modified":"2018-06-15T09:32:02","modified_gmt":"2018-06-15T06:32:02","slug":"eeuu-destina-millonaria-suma-para-los-denominados-cascos-blancos","status":"publish","type":"post","link":"https:\/\/archive.sana.sy\/es\/?p=84026","title":{"rendered":"EEUU destina millonaria suma para los denominados Cascos Blancos"},"content":{"rendered":"<p><span style=\"color: #800000;\">Washington, SANA<\/span><\/p>\n<p>El presidente estadounidense Donald Trump, autoriz\u00f3 una suma de 6.6 millones de d\u00f3lares para financiar a la denominada organizaci\u00f3n \u201cCascos Blancos\u201d, grupo pro-terrorista y c\u00f3mplice en los montajes de ataques qu\u00edmicos en Siria.<\/p>\n<p>La millonaria suma para los Cascos Blancos fue confirmada por la portavoz del Departamento de Estado de EE.UU., Heather Nauert, quien reafirm\u00f3 que \u201cel Gobierno de Estados Unidos apoya firmemente a los Cascos Blancos\u201d.<\/p>\n<p>Por otra parte, ha hecho \u00e9nfasis en el papel \u201cvital\u201d de los Cascos Blancos para recopilar pruebas y dar testimonios en contra de los funcionarios sirios a los que Estados Unidos y sus aliados acusan, sin proveer evidencia alguna, de haber realizado cr\u00edmenes en contra de la poblaci\u00f3n siria.<\/p>\n<p>Los Cascos Blancos, financiados por varios pa\u00edses occidentales, est\u00e1n, supuestamente, asociados con la organizaci\u00f3n y la grabaci\u00f3n de ataques qu\u00edmicos de falsa bandera y han sido vistos varias veces trabajando con grupos terroristas en Siria.<\/p>\n<p>El Gobierno de Rusia, por su parte, ha acusado a este organismo de rescatistas voluntarios, que se hace pasar por organizaci\u00f3n no gubernamental humanitaria, de apoyar a los terroristas que luchan contra Damasco.<\/p>\n<p><span style=\"color: #0000ff;\">F. Marouf\/ Dr. A. Shaban<\/span><\/p>\n","protected":false},"excerpt":{"rendered":"<p>Washington, SANA El presidente estadounidense Donald Trump, autoriz\u00f3 una suma de 6.6 millones de d\u00f3lares para financiar a la denominada organizaci\u00f3n \u201cCascos Blancos\u201d, grupo pro-terrorista y c\u00f3mplice en los montajes de ataques qu\u00edmicos en Siria. La millonaria suma para los Cascos Blancos fue confirmada por la portavoz del Departamento de Estado de EE.UU., Heather Nauert, &hellip;<\/p>\n","protected":false},"author":1,"featured_media":84027,"comment_status":"closed","ping_status":"closed","sticky":false,"template":"","format":"standard","meta":{"footnotes":""},"categories":[597,573,467,7541],"tags":[12126],"class_list":["post-84026","post","type-post","status-publish","format-standard","has-post-thumbnail","","category-cinta-de-noticias","category-la-realidad-de-los-acontecimientos-en-siria","category-siria-y-el-mundo","category-ultimas-noticias","tag-eeuu-destina-millonaria-suma-para-los-denominados-cascos-blancos"],"_links":{"self":[{"href":"https:\/\/archive.sana.sy\/es\/index.php?rest_route=\/wp\/v2\/posts\/84026"}],"collection":[{"href":"https:\/\/archive.sana.sy\/es\/index.php?rest_route=\/wp\/v2\/posts"}],"about":[{"href":"https:\/\/archive.sana.sy\/es\/index.php?rest_route=\/wp\/v2\/types\/post"}],"author":[{"embeddable":true,"href":"https:\/\/archive.sana.sy\/es\/index.php?rest_route=\/wp\/v2\/users\/1"}],"replies":[{"embeddable":true,"href":"https:\/\/archive.sana.sy\/es\/index.php?rest_route=%2Fwp%2Fv2%2Fcomments&post=84026"}],"version-history":[{"count":0,"href":"https:\/\/archive.sana.sy\/es\/index.php?rest_route=\/wp\/v2\/posts\/84026\/revisions"}],"wp:featuredmedia":[{"embeddable":true,"href":"https:\/\/archive.sana.sy\/es\/index.php?rest_route=\/wp\/v2\/media\/84027"}],"wp:attachment":[{"href":"https:\/\/archive.sana.sy\/es\/index.php?rest_route=%2Fwp%2Fv2%2Fmedia&parent=84026"}],"wp:term":[{"taxonomy":"category","embeddable":true,"href":"https:\/\/archive.sana.sy\/es\/index.php?rest_route=%2Fwp%2Fv2%2Fcategories&post=84026"},{"taxonomy":"post_tag","embeddable":true,"href":"https:\/\/archive.sana.sy\/es\/index.php?rest_route=%2Fwp%2Fv2%2Ftags&post=84026"}],"curies":[{"name":"wp","href":"https:\/\/api.w.org\/{rel}","templated":true}]}}